{"id":105,"date":"2022-12-12T22:53:56","date_gmt":"2022-12-12T22:53:56","guid":{"rendered":"https:\/\/delegacionelnpaz.org\/?p=105"},"modified":"2023-08-14T20:41:24","modified_gmt":"2023-08-14T20:41:24","slug":"culmina-exitosamente-el-primer-ciclo-de-los-dialogos-de-paz","status":"publish","type":"post","link":"https:\/\/delegacionelnpaz.org\/?p=105","title":{"rendered":"(3) Culmina exitosamente el primer ciclo de los Di\u00e1logos de Paz"},"content":{"rendered":"<p style=\"text-align: center;\">MESA DE DI\u00c1LOGOS DE PAZ | GOBIERNO DE COLOMBIA Y EJ\u00c9RCITO DE LIBERACI\u00d3N NACIONAL &#8211; ELN<\/p>\n<p style=\"text-align: center;\">COMUNICADO CONJUNTO N\u00ba3<\/p>\n<hr \/>\n<p style=\"text-align: center;\">12 de diciembre de 2022<\/p>\n<h3>Las delegaciones del Gobierno de Colombia y del Ej\u00e9rcito de Liberaci\u00f3n Nacional -ELN-, han concluido el primer ciclo de trabajos de la Mesa de Di\u00e1logos de Paz llevado a cabo entre el 21 de noviembre y el 12 de diciembre de 2022 en el Hotel Humboldt, en Waraira Repano, Caracas, Rep\u00fablica Bolivariana de Venezuela.<\/h3>\n<p>La Mesa retoma el proceso truncando en agosto 2018 y ratifica su decisi\u00f3n de construir sobre lo construido, as\u00ed mismo reitera el compromiso de respetar el papel de los pa\u00edses garantes, evitando que vuelva a presentarse una situaci\u00f3n contraria al derecho internacional, tal como aconteci\u00f3 en el pasado gobierno, cuando se desconocieron los protocolos acordados y se agredi\u00f3 a los pa\u00edses garantes, especialmente a Cuba.<\/p>\n<p>Este proceso de paz en el que las voluntades y coherencia de las Partes se pone de manifiesto, como una luz de esperanza en un mundo sumido en situaciones de guerra y tensi\u00f3n destructiva. Es una apuesta por la raz\u00f3n, por la responsabilidad \u00e9tica, por el di\u00e1logo para afrontar las causas y consecuencias de las violencias y los conflictos armados.<\/p>\n<p>Durante este primer ciclo se lleg\u00f3 a los siguientes acuerdos:<\/p>\n<p><strong>1\u00ba- Acuerdo sobre la Agenda de Di\u00e1logos:<\/strong> la Mesa retom\u00f3 como gu\u00eda el acuerdo de agenda y sus ejes esenciales firmado en marzo de 2016, realiz\u00f3 por consenso cambios en la misma, elementos producidos por el nuevo contexto nacional e internacional. Los ajustes fueron discutidos, aprobados y est\u00e1n en proceso de redacci\u00f3n.<\/p>\n<p><strong>2\u00ba- Acuerdo sobre la institucionalizaci\u00f3n de la Mesa de Di\u00e1logos de Paz:<\/strong> Se elabor\u00f3 una normativa que regula y potencia su trabajo. Se adoptaron los principios y procedimientos b\u00e1sicos para su funcionamiento, estableciendo protocolos con reglas claras para las delegaciones del Gobierno Nacional y del ELN, referidas tambi\u00e9n al apoyo de la comunidad internacional que se materializa a trav\u00e9s de los pa\u00edses garantes y su papel de testigos, de la presencia de las Naciones Unidas como organismo acompa\u00f1ante permanente y la reactivaci\u00f3n del Grupo de Pa\u00edses de Apoyo, Acompa\u00f1amiento y Cooperaci\u00f3n, GPAAC. Igualmente, de la Conferencia Episcopal de Colombia como instituci\u00f3n acompa\u00f1ante permanente.<\/p>\n<p><strong>3\u00ba- Acuerdo sobre Acciones y Din\u00e1micas Humanitarias:<\/strong> Las Partes reconocen la grave situaci\u00f3n de violencia que se presenta en los territorios y decidieron poner en ejecuci\u00f3n un Acuerdo parcial de atenci\u00f3n de emergencias, que iniciar\u00e1 a partir de enero de 2023, sobre el Bajo Calima (Valle del Cauca) y el Medio San Juan (Choc\u00f3).<\/p>\n<p>As\u00ed mismo, reconocen la grave situaci\u00f3n humanitaria que se vive en las c\u00e1rceles y acordaron la atenci\u00f3n de emergencia humanitaria a un grupo de presos pol\u00edticos del Ej\u00e9rcito de Liberaci\u00f3n Nacional \u2013 ELN.<\/p>\n<p><strong>4\u00ba- Pedagog\u00eda y Comunicaciones:<\/strong> Se desarrollaron trabajos para acordar la estrategia y el plan de comunicaciones y pedagog\u00eda, con el prop\u00f3sito de fortalecer y ampliar el apoyo y participaci\u00f3n de la sociedad colombiana y de la comunidad internacional en el proceso de di\u00e1logos.<\/p>\n<p>Las Partes informan que desde el pasado 7 de agosto a la fecha, en manifestaci\u00f3n clara de su compromiso con la paz de Colombia, el ELN ha dejado en libertad a 20 personas entre civiles e integrantes de la fuerza p\u00fablica.<\/p>\n<p>Las Delegaciones agradecen a la Rep\u00fablica Bolivariana de Venezuela, al presidente Nicol\u00e1s Maduro y a su delegado, el General Carlos Eduardo Mart\u00ednez, su apoyo solidario y eficaz para el desarrollo de este primer ciclo. Agradecen tambi\u00e9n a los otros pa\u00edses garantes presentes en esta ronda: el Reino de Noruega, la Rep\u00fablica de Cuba y la Rep\u00fablica de Chile, pa\u00eds que se reincorpor\u00f3 a su condici\u00f3n de garante y a M\u00e9xico por su aceptaci\u00f3n como pa\u00eds garante.<\/p>\n<p>El compromiso de las Partes se fortalece con la presencia en este ciclo de los acompa\u00f1antes permanentes, de Carlos Ru\u00edz Massieu, Representante Especial del Secretario General de Naciones Unidas, y de monse\u00f1or H\u00e9ctor Fabio Henao delegado de la Conferencia Episcopal de Colombia.<\/p>\n<p>Por \u00faltimo, las representaciones del Gobierno de Colombia y del ELN, destacan el ambiente respetuoso, transparente y cordial vivido durante estas semanas de labores, el cual acrecienta la esperanza de Colombia y de la regi\u00f3n para una paz integral y definitiva.<\/p>\n<p><img loading=\"lazy\" decoding=\"async\" class=\"alignnone size-large wp-image-103\" src=\"https:\/\/delegacionelnpaz.org\/wp-content\/uploads\/2022\/10\/J7A0082-scaled-e1677192955564-1024x683.jpg\" alt=\"\" width=\"1024\" height=\"683\" srcset=\"https:\/\/delegacionelnpaz.org\/wp-content\/uploads\/2022\/10\/J7A0082-scaled-e1677192955564-1024x683.jpg 1024w, https:\/\/delegacionelnpaz.org\/wp-content\/uploads\/2022\/10\/J7A0082-scaled-e1677192955564-300x200.jpg 300w, https:\/\/delegacionelnpaz.org\/wp-content\/uploads\/2022\/10\/J7A0082-scaled-e1677192955564-768x512.jpg 768w, https:\/\/delegacionelnpaz.org\/wp-content\/uploads\/2022\/10\/J7A0082-scaled-e1677192955564-1536x1024.jpg 1536w, https:\/\/delegacionelnpaz.org\/wp-content\/uploads\/2022\/10\/J7A0082-scaled-e1677192955564-900x600.jpg 900w, https:\/\/delegacionelnpaz.org\/wp-content\/uploads\/2022\/10\/J7A0082-scaled-e1677192955564.jpg 1920w\" sizes=\"auto, (max-width: 1024px) 100vw, 1024px\" \/><\/p>\n<p>Waraira Repano, Caracas, Rep\u00fablica Bolivariana de Venezuela, 12 de diciembre de 2022.<\/p>\n","protected":false},"excerpt":{"rendered":"<p>MESA DE DI\u00c1LOGOS DE PAZ | GOBIERNO DE COLOMBIA Y EJ\u00c9RCITO DE LIBERACI\u00d3N NACIONAL &#8211; ELN COMUNICADO CONJUNTO N\u00ba3 12 de diciembre de 2022 Las delegaciones del Gobierno de Colombia&#8230;<\/p>\n","protected":false},"author":2,"featured_media":101,"comment_status":"closed","ping_status":"closed","sticky":false,"template":"","format":"standard","meta":{"footnotes":""},"categories":[10],"tags":[],"class_list":{"0":"post-105","1":"post","2":"type-post","3":"status-publish","4":"format-standard","5":"has-post-thumbnail","7":"category-comunicados-conjuntos"},"yoast_head":"<!-- This site is optimized with the Yoast SEO plugin v23.6 - https:\/\/yoast.com\/wordpress\/plugins\/seo\/ -->\n<title>(3) Culmina exitosamente el primer ciclo de los Di\u00e1logos de Paz - Delegaci\u00f3n de di\u00e1logos ELN PAZ<\/title>\n<meta name=\"robots\" content=\"index, follow, max-snippet:-1, max-image-preview:large, max-video-preview:-1\" \/>\n<link rel=\"canonical\" href=\"https:\/\/delegacionelnpaz.org\/?p=105\" \/>\n<meta property=\"og:locale\" content=\"es_ES\" \/>\n<meta property=\"og:type\" content=\"article\" \/>\n<meta property=\"og:title\" content=\"(3) Culmina exitosamente el primer ciclo de los Di\u00e1logos de Paz - Delegaci\u00f3n de di\u00e1logos ELN PAZ\" \/>\n<meta property=\"og:description\" content=\"MESA DE DI\u00c1LOGOS DE PAZ | GOBIERNO DE COLOMBIA Y EJ\u00c9RCITO DE LIBERACI\u00d3N NACIONAL &#8211; ELN COMUNICADO CONJUNTO N\u00ba3 12 de diciembre de 2022 Las delegaciones del Gobierno de Colombia...\" \/>\n<meta property=\"og:url\" content=\"https:\/\/delegacionelnpaz.org\/?p=105\" \/>\n<meta property=\"og:site_name\" content=\"Delegaci\u00f3n de di\u00e1logos ELN PAZ\" \/>\n<meta property=\"article:published_time\" content=\"2022-12-12T22:53:56+00:00\" \/>\n<meta property=\"article:modified_time\" content=\"2023-08-14T20:41:24+00:00\" \/>\n<meta property=\"og:image\" content=\"https:\/\/delegacionelnpaz.org\/wp-content\/uploads\/2022\/10\/MGL4466-scaled-e1677192901805.jpg\" \/>\n\t<meta property=\"og:image:width\" content=\"1920\" \/>\n\t<meta property=\"og:image:height\" content=\"1280\" \/>\n\t<meta property=\"og:image:type\" content=\"image\/jpeg\" \/>\n<meta name=\"author\" content=\"admin\" \/>\n<meta name=\"twitter:card\" content=\"summary_large_image\" \/>\n<meta name=\"twitter:label1\" content=\"Escrito por\" \/>\n\t<meta name=\"twitter:data1\" content=\"admin\" \/>\n\t<meta name=\"twitter:label2\" content=\"Tiempo de lectura\" \/>\n\t<meta name=\"twitter:data2\" content=\"4 minutos\" \/>\n<script type=\"application\/ld+json\" class=\"yoast-schema-graph\">{\"@context\":\"https:\/\/schema.org\",\"@graph\":[{\"@type\":\"WebPage\",\"@id\":\"https:\/\/delegacionelnpaz.org\/?p=105\",\"url\":\"https:\/\/delegacionelnpaz.org\/?p=105\",\"name\":\"(3) Culmina exitosamente el primer ciclo de los Di\u00e1logos de Paz - Delegaci\u00f3n de di\u00e1logos ELN PAZ\",\"isPartOf\":{\"@id\":\"https:\/\/delegacionelnpaz.org\/#website\"},\"primaryImageOfPage\":{\"@id\":\"https:\/\/delegacionelnpaz.org\/?p=105#primaryimage\"},\"image\":{\"@id\":\"https:\/\/delegacionelnpaz.org\/?p=105#primaryimage\"},\"thumbnailUrl\":\"https:\/\/delegacionelnpaz.org\/wp-content\/uploads\/2022\/10\/MGL4466-scaled-e1677192901805.jpg\",\"datePublished\":\"2022-12-12T22:53:56+00:00\",\"dateModified\":\"2023-08-14T20:41:24+00:00\",\"author\":{\"@id\":\"https:\/\/delegacionelnpaz.org\/#\/schema\/person\/d0e5cc1926e0e75940a14801b8e7a80c\"},\"breadcrumb\":{\"@id\":\"https:\/\/delegacionelnpaz.org\/?p=105#breadcrumb\"},\"inLanguage\":\"es\",\"potentialAction\":[{\"@type\":\"ReadAction\",\"target\":[\"https:\/\/delegacionelnpaz.org\/?p=105\"]}]},{\"@type\":\"ImageObject\",\"inLanguage\":\"es\",\"@id\":\"https:\/\/delegacionelnpaz.org\/?p=105#primaryimage\",\"url\":\"https:\/\/delegacionelnpaz.org\/wp-content\/uploads\/2022\/10\/MGL4466-scaled-e1677192901805.jpg\",\"contentUrl\":\"https:\/\/delegacionelnpaz.org\/wp-content\/uploads\/2022\/10\/MGL4466-scaled-e1677192901805.jpg\",\"width\":1920,\"height\":1280},{\"@type\":\"BreadcrumbList\",\"@id\":\"https:\/\/delegacionelnpaz.org\/?p=105#breadcrumb\",\"itemListElement\":[{\"@type\":\"ListItem\",\"position\":1,\"name\":\"Portada\",\"item\":\"https:\/\/delegacionelnpaz.org\/\"},{\"@type\":\"ListItem\",\"position\":2,\"name\":\"(3) Culmina exitosamente el primer ciclo de los Di\u00e1logos de Paz\"}]},{\"@type\":\"WebSite\",\"@id\":\"https:\/\/delegacionelnpaz.org\/#website\",\"url\":\"https:\/\/delegacionelnpaz.org\/\",\"name\":\"Delegaci\u00f3n de di\u00e1logos ELN PAZ\",\"description\":\"ELN PAZ\",\"potentialAction\":[{\"@type\":\"SearchAction\",\"target\":{\"@type\":\"EntryPoint\",\"urlTemplate\":\"https:\/\/delegacionelnpaz.org\/?s={search_term_string}\"},\"query-input\":{\"@type\":\"PropertyValueSpecification\",\"valueRequired\":true,\"valueName\":\"search_term_string\"}}],\"inLanguage\":\"es\"},{\"@type\":\"Person\",\"@id\":\"https:\/\/delegacionelnpaz.org\/#\/schema\/person\/d0e5cc1926e0e75940a14801b8e7a80c\",\"name\":\"admin\",\"sameAs\":[\"https:\/\/delegacionelnpaz.org\"],\"url\":\"https:\/\/delegacionelnpaz.org\/?author=2\"}]}<\/script>\n<!-- \/ Yoast SEO plugin. -->","yoast_head_json":{"title":"(3) Culmina exitosamente el primer ciclo de los Di\u00e1logos de Paz - Delegaci\u00f3n de di\u00e1logos ELN PAZ","robots":{"index":"index","follow":"follow","max-snippet":"max-snippet:-1","max-image-preview":"max-image-preview:large","max-video-preview":"max-video-preview:-1"},"canonical":"https:\/\/delegacionelnpaz.org\/?p=105","og_locale":"es_ES","og_type":"article","og_title":"(3) Culmina exitosamente el primer ciclo de los Di\u00e1logos de Paz - Delegaci\u00f3n de di\u00e1logos ELN PAZ","og_description":"MESA DE DI\u00c1LOGOS DE PAZ | GOBIERNO DE COLOMBIA Y EJ\u00c9RCITO DE LIBERACI\u00d3N NACIONAL &#8211; ELN COMUNICADO CONJUNTO N\u00ba3 12 de diciembre de 2022 Las delegaciones del Gobierno de Colombia...","og_url":"https:\/\/delegacionelnpaz.org\/?p=105","og_site_name":"Delegaci\u00f3n de di\u00e1logos ELN PAZ","article_published_time":"2022-12-12T22:53:56+00:00","article_modified_time":"2023-08-14T20:41:24+00:00","og_image":[{"width":1920,"height":1280,"url":"https:\/\/delegacionelnpaz.org\/wp-content\/uploads\/2022\/10\/MGL4466-scaled-e1677192901805.jpg","type":"image\/jpeg"}],"author":"admin","twitter_card":"summary_large_image","twitter_misc":{"Escrito por":"admin","Tiempo de lectura":"4 minutos"},"schema":{"@context":"https:\/\/schema.org","@graph":[{"@type":"WebPage","@id":"https:\/\/delegacionelnpaz.org\/?p=105","url":"https:\/\/delegacionelnpaz.org\/?p=105","name":"(3) Culmina exitosamente el primer ciclo de los Di\u00e1logos de Paz - Delegaci\u00f3n de di\u00e1logos ELN PAZ","isPartOf":{"@id":"https:\/\/delegacionelnpaz.org\/#website"},"primaryImageOfPage":{"@id":"https:\/\/delegacionelnpaz.org\/?p=105#primaryimage"},"image":{"@id":"https:\/\/delegacionelnpaz.org\/?p=105#primaryimage"},"thumbnailUrl":"https:\/\/delegacionelnpaz.org\/wp-content\/uploads\/2022\/10\/MGL4466-scaled-e1677192901805.jpg","datePublished":"2022-12-12T22:53:56+00:00","dateModified":"2023-08-14T20:41:24+00:00","author":{"@id":"https:\/\/delegacionelnpaz.org\/#\/schema\/person\/d0e5cc1926e0e75940a14801b8e7a80c"},"breadcrumb":{"@id":"https:\/\/delegacionelnpaz.org\/?p=105#breadcrumb"},"inLanguage":"es","potentialAction":[{"@type":"ReadAction","target":["https:\/\/delegacionelnpaz.org\/?p=105"]}]},{"@type":"ImageObject","inLanguage":"es","@id":"https:\/\/delegacionelnpaz.org\/?p=105#primaryimage","url":"https:\/\/delegacionelnpaz.org\/wp-content\/uploads\/2022\/10\/MGL4466-scaled-e1677192901805.jpg","contentUrl":"https:\/\/delegacionelnpaz.org\/wp-content\/uploads\/2022\/10\/MGL4466-scaled-e1677192901805.jpg","width":1920,"height":1280},{"@type":"BreadcrumbList","@id":"https:\/\/delegacionelnpaz.org\/?p=105#breadcrumb","itemListElement":[{"@type":"ListItem","position":1,"name":"Portada","item":"https:\/\/delegacionelnpaz.org\/"},{"@type":"ListItem","position":2,"name":"(3) Culmina exitosamente el primer ciclo de los Di\u00e1logos de Paz"}]},{"@type":"WebSite","@id":"https:\/\/delegacionelnpaz.org\/#website","url":"https:\/\/delegacionelnpaz.org\/","name":"Delegaci\u00f3n de di\u00e1logos ELN PAZ","description":"ELN PAZ","potentialAction":[{"@type":"SearchAction","target":{"@type":"EntryPoint","urlTemplate":"https:\/\/delegacionelnpaz.org\/?s={search_term_string}"},"query-input":{"@type":"PropertyValueSpecification","valueRequired":true,"valueName":"search_term_string"}}],"inLanguage":"es"},{"@type":"Person","@id":"https:\/\/delegacionelnpaz.org\/#\/schema\/person\/d0e5cc1926e0e75940a14801b8e7a80c","name":"admin","sameAs":["https:\/\/delegacionelnpaz.org"],"url":"https:\/\/delegacionelnpaz.org\/?author=2"}]}},"_links":{"self":[{"href":"https:\/\/delegacionelnpaz.org\/index.php?rest_route=\/wp\/v2\/posts\/105","targetHints":{"allow":["GET"]}}],"collection":[{"href":"https:\/\/delegacionelnpaz.org\/index.php?rest_route=\/wp\/v2\/posts"}],"about":[{"href":"https:\/\/delegacionelnpaz.org\/index.php?rest_route=\/wp\/v2\/types\/post"}],"author":[{"embeddable":true,"href":"https:\/\/delegacionelnpaz.org\/index.php?rest_route=\/wp\/v2\/users\/2"}],"replies":[{"embeddable":true,"href":"https:\/\/delegacionelnpaz.org\/index.php?rest_route=%2Fwp%2Fv2%2Fcomments&post=105"}],"version-history":[{"count":4,"href":"https:\/\/delegacionelnpaz.org\/index.php?rest_route=\/wp\/v2\/posts\/105\/revisions"}],"predecessor-version":[{"id":551,"href":"https:\/\/delegacionelnpaz.org\/index.php?rest_route=\/wp\/v2\/posts\/105\/revisions\/551"}],"wp:featuredmedia":[{"embeddable":true,"href":"https:\/\/delegacionelnpaz.org\/index.php?rest_route=\/wp\/v2\/media\/101"}],"wp:attachment":[{"href":"https:\/\/delegacionelnpaz.org\/index.php?rest_route=%2Fwp%2Fv2%2Fmedia&parent=105"}],"wp:term":[{"taxonomy":"category","embeddable":true,"href":"https:\/\/delegacionelnpaz.org\/index.php?rest_route=%2Fwp%2Fv2%2Fcategories&post=105"},{"taxonomy":"post_tag","embeddable":true,"href":"https:\/\/delegacionelnpaz.org\/index.php?rest_route=%2Fwp%2Fv2%2Ftags&post=105"}],"curies":[{"name":"wp","href":"https:\/\/api.w.org\/{rel}","templated":true}]}}