{"id":347,"date":"2023-05-17T16:28:40","date_gmt":"2023-05-17T16:28:40","guid":{"rendered":"https:\/\/delegacionelnpaz.org\/?p=347"},"modified":"2023-08-14T20:37:33","modified_gmt":"2023-08-14T20:37:33","slug":"continuan-los-trabajos-de-la-mesa-de-dialogos-de-paz-en-cuba","status":"publish","type":"post","link":"https:\/\/delegacionelnpaz.org\/?p=347","title":{"rendered":"(8) Contin\u00faan los trabajos de la Mesa de Di\u00e1logos de Paz en Cuba"},"content":{"rendered":"<p style=\"text-align: center;\">MESA DE DI\u00c1LOGOS DE PAZ | GOBIERNO DE COLOMBIA Y EJ\u00c9RCITO DE LIBERACI\u00d3N NACIONAL &#8211; ELN<\/p>\n<p style=\"text-align: center;\">COMUNICADO CONJUNTO N\u00ba8<\/p>\n<hr \/>\n<p style=\"text-align: center;\">17 de mayo de 2023<\/p>\n<h3 style=\"text-align: center;\"><strong> Contin\u00faan los trabajos de la Mesa de Di\u00e1logos de Paz en Cuba<\/strong><\/h3>\n<p>Las delegaciones del Gobierno de la Rep\u00fablica de Colombia y del Ej\u00e9rcito de Liberaci\u00f3n Nacional \u2013 ELN, informamos:<\/p>\n<ol>\n<li>Retomamos las sesiones ordinarias de la Mesa de Di\u00e1logos, despu\u00e9s de haber hecho un primer intercambio de aclaraciones sobre las recientes intervenciones del presidente, Gustavo Petro.<\/li>\n<li>En lo inmediato, articularemos el Acuerdo de M\u00e9xico y el conjunto de acuerdos que se han hecho en la Mesa con las visiones y propuestas aportadas por el Presidente de la Rep\u00fablica.<\/li>\n<li>Reafirmamos el car\u00e1cter pol\u00edtico de esta mesa de di\u00e1logos, sus acuerdos y del ELN como organizaci\u00f3n armada rebelde.<\/li>\n<li>Continuaremos desarrollando una visi\u00f3n conjunta del conflicto y de las salidas que requiere el pa\u00eds.<\/li>\n<li>Reiteramos nuestro compromiso de lograr en este ciclo los acuerdos de cese al fuego bilateral y nacional, participaci\u00f3n de la sociedad en la construcci\u00f3n de paz, y acciones y din\u00e1micas humanitarias.<\/li>\n<li>Ratificamos nuestra firme decisi\u00f3n de permanecer en la mesa hasta lograr un acuerdo de paz con las transformaciones que necesita el pa\u00eds.<\/li>\n<li>Agradecemos al pueblo y al gobierno cubanos por acoger el actual ciclo de di\u00e1logos y nos sumamos al clamor mundial para que el gobierno de los Estados Unidos deje de considerar a la Rep\u00fablica de Cuba como Estado patrocinador del terrorismo.<\/li>\n<\/ol>\n<p>&nbsp;<\/p>\n<p style=\"text-align: right;\">La Habana, 17 de mayo de 2023<\/p>\n<p style=\"text-align: center;\">Descargar <a href=\"https:\/\/delegacionelnpaz.org\/wp-content\/uploads\/2023\/05\/20230517-Comunicado-Conjunto-No.-8.pdf\">Comunicado Conjunto #8 en PDF<\/a><\/p>\n","protected":false},"excerpt":{"rendered":"<p>MESA DE DI\u00c1LOGOS DE PAZ | GOBIERNO DE COLOMBIA Y EJ\u00c9RCITO DE LIBERACI\u00d3N NACIONAL &#8211; ELN COMUNICADO CONJUNTO N\u00ba8 17 de mayo de 2023 Contin\u00faan los trabajos de la Mesa&#8230;<\/p>\n","protected":false},"author":3,"featured_media":0,"comment_status":"closed","ping_status":"closed","sticky":false,"template":"","format":"standard","meta":{"footnotes":""},"categories":[10],"tags":[38,9,39],"class_list":{"0":"post-347","1":"post","2":"type-post","3":"status-publish","4":"format-standard","6":"category-comunicados-conjuntos","7":"tag-comunicado-conjunto","8":"tag-cuba","9":"tag-mesa-de-dialogos"},"yoast_head":"<!-- This site is optimized with the Yoast SEO plugin v23.6 - https:\/\/yoast.com\/wordpress\/plugins\/seo\/ -->\n<title>(8) Contin\u00faan los trabajos de la Mesa de Di\u00e1logos de Paz en Cuba - Delegaci\u00f3n de di\u00e1logos ELN PAZ<\/title>\n<meta name=\"robots\" content=\"index, follow, max-snippet:-1, max-image-preview:large, max-video-preview:-1\" \/>\n<link rel=\"canonical\" href=\"https:\/\/delegacionelnpaz.org\/?p=347\" \/>\n<meta property=\"og:locale\" content=\"es_ES\" \/>\n<meta property=\"og:type\" content=\"article\" \/>\n<meta property=\"og:title\" content=\"(8) Contin\u00faan los trabajos de la Mesa de Di\u00e1logos de Paz en Cuba - Delegaci\u00f3n de di\u00e1logos ELN PAZ\" \/>\n<meta property=\"og:description\" content=\"MESA DE DI\u00c1LOGOS DE PAZ | GOBIERNO DE COLOMBIA Y EJ\u00c9RCITO DE LIBERACI\u00d3N NACIONAL &#8211; ELN COMUNICADO CONJUNTO N\u00ba8 17 de mayo de 2023 Contin\u00faan los trabajos de la Mesa...\" \/>\n<meta property=\"og:url\" content=\"https:\/\/delegacionelnpaz.org\/?p=347\" \/>\n<meta property=\"og:site_name\" content=\"Delegaci\u00f3n de di\u00e1logos ELN PAZ\" \/>\n<meta property=\"article:published_time\" content=\"2023-05-17T16:28:40+00:00\" \/>\n<meta property=\"article:modified_time\" content=\"2023-08-14T20:37:33+00:00\" \/>\n<meta name=\"author\" content=\"paco G\u00f3mez\" \/>\n<meta name=\"twitter:card\" content=\"summary_large_image\" \/>\n<meta name=\"twitter:label1\" content=\"Escrito por\" \/>\n\t<meta name=\"twitter:data1\" content=\"paco G\u00f3mez\" \/>\n\t<meta name=\"twitter:label2\" content=\"Tiempo de lectura\" \/>\n\t<meta name=\"twitter:data2\" content=\"2 minutos\" \/>\n<script type=\"application\/ld+json\" class=\"yoast-schema-graph\">{\"@context\":\"https:\/\/schema.org\",\"@graph\":[{\"@type\":\"WebPage\",\"@id\":\"https:\/\/delegacionelnpaz.org\/?p=347\",\"url\":\"https:\/\/delegacionelnpaz.org\/?p=347\",\"name\":\"(8) Contin\u00faan los trabajos de la Mesa de Di\u00e1logos de Paz en Cuba - Delegaci\u00f3n de di\u00e1logos ELN PAZ\",\"isPartOf\":{\"@id\":\"https:\/\/delegacionelnpaz.org\/#website\"},\"datePublished\":\"2023-05-17T16:28:40+00:00\",\"dateModified\":\"2023-08-14T20:37:33+00:00\",\"author\":{\"@id\":\"https:\/\/delegacionelnpaz.org\/#\/schema\/person\/5e729aec24df5acb58a0754d5a79cbfe\"},\"breadcrumb\":{\"@id\":\"https:\/\/delegacionelnpaz.org\/?p=347#breadcrumb\"},\"inLanguage\":\"es\",\"potentialAction\":[{\"@type\":\"ReadAction\",\"target\":[\"https:\/\/delegacionelnpaz.org\/?p=347\"]}]},{\"@type\":\"BreadcrumbList\",\"@id\":\"https:\/\/delegacionelnpaz.org\/?p=347#breadcrumb\",\"itemListElement\":[{\"@type\":\"ListItem\",\"position\":1,\"name\":\"Portada\",\"item\":\"https:\/\/delegacionelnpaz.org\/\"},{\"@type\":\"ListItem\",\"position\":2,\"name\":\"(8) Contin\u00faan los trabajos de la Mesa de Di\u00e1logos de Paz en Cuba\"}]},{\"@type\":\"WebSite\",\"@id\":\"https:\/\/delegacionelnpaz.org\/#website\",\"url\":\"https:\/\/delegacionelnpaz.org\/\",\"name\":\"Delegaci\u00f3n de di\u00e1logos ELN PAZ\",\"description\":\"ELN PAZ\",\"potentialAction\":[{\"@type\":\"SearchAction\",\"target\":{\"@type\":\"EntryPoint\",\"urlTemplate\":\"https:\/\/delegacionelnpaz.org\/?s={search_term_string}\"},\"query-input\":{\"@type\":\"PropertyValueSpecification\",\"valueRequired\":true,\"valueName\":\"search_term_string\"}}],\"inLanguage\":\"es\"},{\"@type\":\"Person\",\"@id\":\"https:\/\/delegacionelnpaz.org\/#\/schema\/person\/5e729aec24df5acb58a0754d5a79cbfe\",\"name\":\"paco G\u00f3mez\",\"url\":\"https:\/\/delegacionelnpaz.org\/?author=3\"}]}<\/script>\n<!-- \/ Yoast SEO plugin. -->","yoast_head_json":{"title":"(8) Contin\u00faan los trabajos de la Mesa de Di\u00e1logos de Paz en Cuba - Delegaci\u00f3n de di\u00e1logos ELN PAZ","robots":{"index":"index","follow":"follow","max-snippet":"max-snippet:-1","max-image-preview":"max-image-preview:large","max-video-preview":"max-video-preview:-1"},"canonical":"https:\/\/delegacionelnpaz.org\/?p=347","og_locale":"es_ES","og_type":"article","og_title":"(8) Contin\u00faan los trabajos de la Mesa de Di\u00e1logos de Paz en Cuba - Delegaci\u00f3n de di\u00e1logos ELN PAZ","og_description":"MESA DE DI\u00c1LOGOS DE PAZ | GOBIERNO DE COLOMBIA Y EJ\u00c9RCITO DE LIBERACI\u00d3N NACIONAL &#8211; ELN COMUNICADO CONJUNTO N\u00ba8 17 de mayo de 2023 Contin\u00faan los trabajos de la Mesa...","og_url":"https:\/\/delegacionelnpaz.org\/?p=347","og_site_name":"Delegaci\u00f3n de di\u00e1logos ELN PAZ","article_published_time":"2023-05-17T16:28:40+00:00","article_modified_time":"2023-08-14T20:37:33+00:00","author":"paco G\u00f3mez","twitter_card":"summary_large_image","twitter_misc":{"Escrito por":"paco G\u00f3mez","Tiempo de lectura":"2 minutos"},"schema":{"@context":"https:\/\/schema.org","@graph":[{"@type":"WebPage","@id":"https:\/\/delegacionelnpaz.org\/?p=347","url":"https:\/\/delegacionelnpaz.org\/?p=347","name":"(8) Contin\u00faan los trabajos de la Mesa de Di\u00e1logos de Paz en Cuba - Delegaci\u00f3n de di\u00e1logos ELN PAZ","isPartOf":{"@id":"https:\/\/delegacionelnpaz.org\/#website"},"datePublished":"2023-05-17T16:28:40+00:00","dateModified":"2023-08-14T20:37:33+00:00","author":{"@id":"https:\/\/delegacionelnpaz.org\/#\/schema\/person\/5e729aec24df5acb58a0754d5a79cbfe"},"breadcrumb":{"@id":"https:\/\/delegacionelnpaz.org\/?p=347#breadcrumb"},"inLanguage":"es","potentialAction":[{"@type":"ReadAction","target":["https:\/\/delegacionelnpaz.org\/?p=347"]}]},{"@type":"BreadcrumbList","@id":"https:\/\/delegacionelnpaz.org\/?p=347#breadcrumb","itemListElement":[{"@type":"ListItem","position":1,"name":"Portada","item":"https:\/\/delegacionelnpaz.org\/"},{"@type":"ListItem","position":2,"name":"(8) Contin\u00faan los trabajos de la Mesa de Di\u00e1logos de Paz en Cuba"}]},{"@type":"WebSite","@id":"https:\/\/delegacionelnpaz.org\/#website","url":"https:\/\/delegacionelnpaz.org\/","name":"Delegaci\u00f3n de di\u00e1logos ELN PAZ","description":"ELN PAZ","potentialAction":[{"@type":"SearchAction","target":{"@type":"EntryPoint","urlTemplate":"https:\/\/delegacionelnpaz.org\/?s={search_term_string}"},"query-input":{"@type":"PropertyValueSpecification","valueRequired":true,"valueName":"search_term_string"}}],"inLanguage":"es"},{"@type":"Person","@id":"https:\/\/delegacionelnpaz.org\/#\/schema\/person\/5e729aec24df5acb58a0754d5a79cbfe","name":"paco G\u00f3mez","url":"https:\/\/delegacionelnpaz.org\/?author=3"}]}},"_links":{"self":[{"href":"https:\/\/delegacionelnpaz.org\/index.php?rest_route=\/wp\/v2\/posts\/347","targetHints":{"allow":["GET"]}}],"collection":[{"href":"https:\/\/delegacionelnpaz.org\/index.php?rest_route=\/wp\/v2\/posts"}],"about":[{"href":"https:\/\/delegacionelnpaz.org\/index.php?rest_route=\/wp\/v2\/types\/post"}],"author":[{"embeddable":true,"href":"https:\/\/delegacionelnpaz.org\/index.php?rest_route=\/wp\/v2\/users\/3"}],"replies":[{"embeddable":true,"href":"https:\/\/delegacionelnpaz.org\/index.php?rest_route=%2Fwp%2Fv2%2Fcomments&post=347"}],"version-history":[{"count":4,"href":"https:\/\/delegacionelnpaz.org\/index.php?rest_route=\/wp\/v2\/posts\/347\/revisions"}],"predecessor-version":[{"id":539,"href":"https:\/\/delegacionelnpaz.org\/index.php?rest_route=\/wp\/v2\/posts\/347\/revisions\/539"}],"wp:attachment":[{"href":"https:\/\/delegacionelnpaz.org\/index.php?rest_route=%2Fwp%2Fv2%2Fmedia&parent=347"}],"wp:term":[{"taxonomy":"category","embeddable":true,"href":"https:\/\/delegacionelnpaz.org\/index.php?rest_route=%2Fwp%2Fv2%2Fcategories&post=347"},{"taxonomy":"post_tag","embeddable":true,"href":"https:\/\/delegacionelnpaz.org\/index.php?rest_route=%2Fwp%2Fv2%2Ftags&post=347"}],"curies":[{"name":"wp","href":"https:\/\/api.w.org\/{rel}","templated":true}]}}