{"id":395,"date":"2023-07-15T13:20:34","date_gmt":"2023-07-15T13:20:34","guid":{"rendered":"https:\/\/delegacionelnpaz.org\/?p=395"},"modified":"2023-08-14T20:35:22","modified_gmt":"2023-08-14T20:35:22","slug":"avanzamos-en-el-cese-al-fuego-y-en-la-participacion","status":"publish","type":"post","link":"https:\/\/delegacionelnpaz.org\/?p=395","title":{"rendered":"(12) Avanzamos en el cese al fuego y en la participaci\u00f3n"},"content":{"rendered":"<p style=\"text-align: center;\">MESA DE DI\u00c1LOGOS DE PAZ | GOBIERNO DE COLOMBIA Y EJ\u00c9RCITO DE LIBERACI\u00d3N NACIONAL &#8211; ELN<\/p>\n<p style=\"text-align: center;\">COMUNICADO CONJUNTO N\u00ba12<\/p>\n<hr \/>\n<p style=\"text-align: center;\">15 de julio de 2023<\/p>\n<p>&nbsp;<\/p>\n<p style=\"text-align: center;\"><span style=\"font-family: Times New Roman, serif;\"><span style=\"font-size: medium;\"><b>AVANZAMOS EN EL CESE AL FUEGO Y EN LA PARTICIPACI\u00d3N<\/b><\/span><\/span><\/p>\n<p class=\"western\" lang=\"es-CO\" align=\"justify\"><span style=\"font-family: Times New Roman, serif;\"><span style=\"font-size: medium;\">Las delegaciones del Gobierno de la Rep\u00fablica de Colombia y del Ej\u00e9rcito de Liberaci\u00f3n Nacional \u2013 ELN, informamos que:<\/span><\/span><\/p>\n<ol>\n<li>\n<p lang=\"es-CO\" align=\"justify\"><span style=\"font-family: Times New Roman, serif;\"><span style=\"font-size: medium;\">Luego de suscritos los Acuerdos de Cuba sobre el Proceso de Participaci\u00f3n de la Sociedad en la Construcci\u00f3n de la Paz y el Cese al Fuego Bilateral, Nacional y Temporal (CFBNT), ambas delegaciones trabajamos intensamente en las ciudades de La Habana, Rep\u00fablica de Cuba, y Bogot\u00e1, en la elaboraci\u00f3n de los documentos para cumplir con las tareas previstas para las fases de alistamiento y preparaci\u00f3n.<\/span><\/span><\/p>\n<\/li>\n<\/ol>\n<ol start=\"2\">\n<li>\n<p lang=\"es-CO\" align=\"justify\"><span style=\"font-family: Times New Roman, serif;\"><span style=\"font-size: medium;\">Hemos adoptado y suscrito los siguientes nueve (9) Protocolos que desarrollan las condiciones para el cumplimiento del acuerdo de cese al fuego bilateral, nacional y temporal:<\/span><\/span><\/p>\n<\/li>\n<\/ol>\n<ul>\n<li>\n<p lang=\"es-CO\" align=\"justify\"><span style=\"font-family: Times New Roman, serif;\"><span style=\"font-size: medium;\">Rol de la Mesa de Di\u00e1logos de Paz en el cumplimiento del Acuerdo de CFBNT.<\/span><\/span><\/p>\n<\/li>\n<li>\n<p lang=\"es-CO\" align=\"justify\"><span style=\"font-family: Times New Roman, serif;\"><span style=\"font-size: medium;\">Protocolo Complementario al Mandato del Mecanismo de Monitoreo y Verificaci\u00f3n &#8211; MMV para el CFBNT.<\/span><\/span><\/p>\n<\/li>\n<li>\n<p lang=\"es-CO\" align=\"justify\"><span style=\"font-family: Times New Roman, serif;\"><span style=\"font-size: medium;\">Rol de la Iglesia Cat\u00f3lica en el MMV. <\/span><\/span><\/p>\n<\/li>\n<li>\n<p lang=\"es-CO\" align=\"justify\"><span style=\"font-family: Times New Roman, serif;\"><span style=\"font-size: medium;\">Veedur\u00eda Social y los Mecanismos de Protecci\u00f3n Humanitaria en el marco del Acuerdo de CFBNT. <\/span><\/span><\/p>\n<\/li>\n<li>\n<p lang=\"es-CO\" align=\"justify\"><span style=\"font-family: Times New Roman, serif;\"><span style=\"font-size: medium;\">Evaluaci\u00f3n, Pr\u00f3rroga o Suspensi\u00f3n del Acuerdo de CFBNT.<\/span><\/span><\/p>\n<\/li>\n<li>\n<p lang=\"es-CO\" align=\"justify\"><span style=\"font-family: Times New Roman, serif;\"><span style=\"font-size: medium;\">Seguridad y Protecci\u00f3n para los Integrantes del MMV. <\/span><\/span><\/p>\n<\/li>\n<li>\n<p lang=\"es-CO\" align=\"justify\"><span style=\"font-family: Times New Roman, serif;\"><span style=\"font-size: medium;\">Seguridad para el ELN y lugares donde hace presencia en el Marco del Acuerdo de CFBNT. <\/span><\/span><\/p>\n<\/li>\n<li>\n<p lang=\"es-CO\" align=\"justify\"><span style=\"font-family: Times New Roman, serif;\"><span style=\"font-size: medium;\">Comunicaciones del Acuerdo de CFBNT. <\/span><\/span><\/p>\n<\/li>\n<li>\n<p lang=\"es-CO\" align=\"justify\"><span style=\"font-family: Times New Roman, serif;\"><span style=\"font-size: medium;\">Pedagog\u00eda del Acuerdo de CFBNT y sus Protocolos.<\/span><\/span><\/p>\n<\/li>\n<\/ul>\n<p lang=\"es-CO\" align=\"justify\"><span style=\"font-family: Times New Roman, serif;\"><span style=\"font-size: medium;\">As\u00ed mismo, concertamos y firmamos el glosario que establece los entendimientos conceptuales comunes entre las Partes sobre el mencionado cese al fuego.<\/span><\/span><\/p>\n<ol start=\"3\">\n<li>\n<p lang=\"es-CO\" align=\"justify\"><span style=\"font-family: Times New Roman, serif;\"><span style=\"font-size: medium;\">Adoptamos el Reglamento Operativo y Plan de Trabajo del Comit\u00e9 Nacional de la Participaci\u00f3n. Adem\u00e1s, definimos como nueva fecha de instalaci\u00f3n del Comit\u00e9, el pr\u00f3ximo 3 de agosto en la ciudad de Bogot\u00e1. Ese mismo d\u00eda, entrar\u00e1 en vigencia de manera plena el cese al fuego bilateral, nacional y temporal por ciento ochenta (180) d\u00edas. <\/span><\/span><\/p>\n<\/li>\n<\/ol>\n<ol start=\"4\">\n<li>\n<p lang=\"es-CO\" align=\"justify\"><span style=\"font-family: Times New Roman, serif;\"><span style=\"font-size: medium;\">Consideramos que el cumplimiento cabal de los compromisos asumidos en el acuerdo de cese al fuego bilateral y de participaci\u00f3n para la construcci\u00f3n de la paz, son un aporte concreto a la realizaci\u00f3n del proceso electoral que culminar\u00e1 con las votaciones territoriales el d\u00eda 29 de octubre de 2023 y su correspondiente escrutinio. <\/span><\/span><\/p>\n<\/li>\n<\/ol>\n<ol start=\"5\">\n<li>\n<p lang=\"es-CO\" align=\"justify\"><span style=\"font-family: Times New Roman, serif;\"><span style=\"font-size: medium;\">Agradecemos al pueblo y al gobierno cubanos por acoger las labores de la Mesa Permanente de Di\u00e1logos de Paz durante estas \u00faltimas semanas, as\u00ed como la presencia de los pa\u00edses garantes y acompa\u00f1antes permanentes; y al Grupo de pa\u00edses de Apoyo, Acompa\u00f1amiento y Cooperaci\u00f3n (GPAAC). <\/span><\/span><\/p>\n<\/li>\n<\/ol>\n<p lang=\"es-CO\" align=\"justify\"><span style=\"font-family: Times New Roman, serif;\"><span style=\"font-size: medium;\">El compromiso y apoyo de la Rep\u00fablica de Cuba a la paz de Colombia, evidenciada en los acuerdos alcanzados en este tercer ciclo y sus desarrollos, hace a\u00fan m\u00e1s perentorio su exclusi\u00f3n de la lista de pa\u00edses que apoyan el terrorismo.<\/span><\/span><\/p>\n<ol start=\"6\">\n<li>\n<p lang=\"es-CO\" align=\"justify\"><span style=\"font-family: Times New Roman, serif;\"><span style=\"font-size: medium;\">Agradecemos la hospitalidad de la Rep\u00fablica Bolivariana de Venezuela para realizar el Cuarto Ciclo de Di\u00e1logos a partir del pr\u00f3ximo 14 de agosto y hasta el 4 de septiembre. <\/span><\/span><\/p>\n<\/li>\n<\/ol>\n<p lang=\"es-CO\">\n","protected":false},"excerpt":{"rendered":"<p>MESA DE DI\u00c1LOGOS DE PAZ | GOBIERNO DE COLOMBIA Y EJ\u00c9RCITO DE LIBERACI\u00d3N NACIONAL &#8211; ELN COMUNICADO CONJUNTO N\u00ba12 15 de julio de 2023 &nbsp; AVANZAMOS EN EL CESE AL&#8230;<\/p>\n","protected":false},"author":6,"featured_media":396,"comment_status":"closed","ping_status":"closed","sticky":false,"template":"","format":"standard","meta":{"footnotes":""},"categories":[10],"tags":[44,31,47,46,13,45,39,33,23],"class_list":{"0":"post-395","1":"post","2":"type-post","3":"status-publish","4":"format-standard","5":"has-post-thumbnail","7":"category-comunicados-conjuntos","8":"tag-cese","9":"tag-cese-al-fuego","10":"tag-comite-de-participacion","11":"tag-dialogos","12":"tag-eln","13":"tag-mesa","14":"tag-mesa-de-dialogos","15":"tag-participacion","16":"tag-paz"},"yoast_head":"<!-- This site is optimized with the Yoast SEO plugin v23.6 - https:\/\/yoast.com\/wordpress\/plugins\/seo\/ -->\n<title>(12) Avanzamos en el cese al fuego y en la participaci\u00f3n - Delegaci\u00f3n de di\u00e1logos ELN PAZ<\/title>\n<meta name=\"robots\" content=\"index, follow, max-snippet:-1, max-image-preview:large, max-video-preview:-1\" \/>\n<link rel=\"canonical\" href=\"https:\/\/delegacionelnpaz.org\/?p=395\" \/>\n<meta property=\"og:locale\" content=\"es_ES\" \/>\n<meta property=\"og:type\" content=\"article\" \/>\n<meta property=\"og:title\" content=\"(12) Avanzamos en el cese al fuego y en la participaci\u00f3n - Delegaci\u00f3n de di\u00e1logos ELN PAZ\" \/>\n<meta property=\"og:description\" content=\"MESA DE DI\u00c1LOGOS DE PAZ | GOBIERNO DE COLOMBIA Y EJ\u00c9RCITO DE LIBERACI\u00d3N NACIONAL &#8211; ELN COMUNICADO CONJUNTO N\u00ba12 15 de julio de 2023 &nbsp; AVANZAMOS EN EL CESE AL...\" \/>\n<meta property=\"og:url\" content=\"https:\/\/delegacionelnpaz.org\/?p=395\" \/>\n<meta property=\"og:site_name\" content=\"Delegaci\u00f3n de di\u00e1logos ELN PAZ\" \/>\n<meta property=\"article:published_time\" content=\"2023-07-15T13:20:34+00:00\" \/>\n<meta property=\"article:modified_time\" content=\"2023-08-14T20:35:22+00:00\" \/>\n<meta property=\"og:image\" content=\"https:\/\/delegacionelnpaz.org\/wp-content\/uploads\/2023\/07\/plenaria140723-scaled.jpg\" \/>\n\t<meta property=\"og:image:width\" content=\"2560\" \/>\n\t<meta property=\"og:image:height\" content=\"1443\" \/>\n\t<meta property=\"og:image:type\" content=\"image\/jpeg\" \/>\n<meta name=\"author\" content=\"Edwin\" \/>\n<meta name=\"twitter:card\" content=\"summary_large_image\" \/>\n<meta name=\"twitter:label1\" content=\"Escrito por\" \/>\n\t<meta name=\"twitter:data1\" content=\"Edwin\" \/>\n\t<meta name=\"twitter:label2\" content=\"Tiempo de lectura\" \/>\n\t<meta name=\"twitter:data2\" content=\"3 minutos\" \/>\n<script type=\"application\/ld+json\" class=\"yoast-schema-graph\">{\"@context\":\"https:\/\/schema.org\",\"@graph\":[{\"@type\":\"WebPage\",\"@id\":\"https:\/\/delegacionelnpaz.org\/?p=395\",\"url\":\"https:\/\/delegacionelnpaz.org\/?p=395\",\"name\":\"(12) Avanzamos en el cese al fuego y en la participaci\u00f3n - Delegaci\u00f3n de di\u00e1logos ELN PAZ\",\"isPartOf\":{\"@id\":\"https:\/\/delegacionelnpaz.org\/#website\"},\"primaryImageOfPage\":{\"@id\":\"https:\/\/delegacionelnpaz.org\/?p=395#primaryimage\"},\"image\":{\"@id\":\"https:\/\/delegacionelnpaz.org\/?p=395#primaryimage\"},\"thumbnailUrl\":\"https:\/\/delegacionelnpaz.org\/wp-content\/uploads\/2023\/07\/plenaria140723-scaled.jpg\",\"datePublished\":\"2023-07-15T13:20:34+00:00\",\"dateModified\":\"2023-08-14T20:35:22+00:00\",\"author\":{\"@id\":\"https:\/\/delegacionelnpaz.org\/#\/schema\/person\/f8e01983df8d870bed769af7e9b61e00\"},\"breadcrumb\":{\"@id\":\"https:\/\/delegacionelnpaz.org\/?p=395#breadcrumb\"},\"inLanguage\":\"es\",\"potentialAction\":[{\"@type\":\"ReadAction\",\"target\":[\"https:\/\/delegacionelnpaz.org\/?p=395\"]}]},{\"@type\":\"ImageObject\",\"inLanguage\":\"es\",\"@id\":\"https:\/\/delegacionelnpaz.org\/?p=395#primaryimage\",\"url\":\"https:\/\/delegacionelnpaz.org\/wp-content\/uploads\/2023\/07\/plenaria140723-scaled.jpg\",\"contentUrl\":\"https:\/\/delegacionelnpaz.org\/wp-content\/uploads\/2023\/07\/plenaria140723-scaled.jpg\",\"width\":2560,\"height\":1443},{\"@type\":\"BreadcrumbList\",\"@id\":\"https:\/\/delegacionelnpaz.org\/?p=395#breadcrumb\",\"itemListElement\":[{\"@type\":\"ListItem\",\"position\":1,\"name\":\"Portada\",\"item\":\"https:\/\/delegacionelnpaz.org\/\"},{\"@type\":\"ListItem\",\"position\":2,\"name\":\"(12) Avanzamos en el cese al fuego y en la participaci\u00f3n\"}]},{\"@type\":\"WebSite\",\"@id\":\"https:\/\/delegacionelnpaz.org\/#website\",\"url\":\"https:\/\/delegacionelnpaz.org\/\",\"name\":\"Delegaci\u00f3n de di\u00e1logos ELN PAZ\",\"description\":\"ELN PAZ\",\"potentialAction\":[{\"@type\":\"SearchAction\",\"target\":{\"@type\":\"EntryPoint\",\"urlTemplate\":\"https:\/\/delegacionelnpaz.org\/?s={search_term_string}\"},\"query-input\":{\"@type\":\"PropertyValueSpecification\",\"valueRequired\":true,\"valueName\":\"search_term_string\"}}],\"inLanguage\":\"es\"},{\"@type\":\"Person\",\"@id\":\"https:\/\/delegacionelnpaz.org\/#\/schema\/person\/f8e01983df8d870bed769af7e9b61e00\",\"name\":\"Edwin\",\"url\":\"https:\/\/delegacionelnpaz.org\/?author=6\"}]}<\/script>\n<!-- \/ Yoast SEO plugin. -->","yoast_head_json":{"title":"(12) Avanzamos en el cese al fuego y en la participaci\u00f3n - Delegaci\u00f3n de di\u00e1logos ELN PAZ","robots":{"index":"index","follow":"follow","max-snippet":"max-snippet:-1","max-image-preview":"max-image-preview:large","max-video-preview":"max-video-preview:-1"},"canonical":"https:\/\/delegacionelnpaz.org\/?p=395","og_locale":"es_ES","og_type":"article","og_title":"(12) Avanzamos en el cese al fuego y en la participaci\u00f3n - Delegaci\u00f3n de di\u00e1logos ELN PAZ","og_description":"MESA DE DI\u00c1LOGOS DE PAZ | GOBIERNO DE COLOMBIA Y EJ\u00c9RCITO DE LIBERACI\u00d3N NACIONAL &#8211; ELN COMUNICADO CONJUNTO N\u00ba12 15 de julio de 2023 &nbsp; AVANZAMOS EN EL CESE AL...","og_url":"https:\/\/delegacionelnpaz.org\/?p=395","og_site_name":"Delegaci\u00f3n de di\u00e1logos ELN PAZ","article_published_time":"2023-07-15T13:20:34+00:00","article_modified_time":"2023-08-14T20:35:22+00:00","og_image":[{"width":2560,"height":1443,"url":"https:\/\/delegacionelnpaz.org\/wp-content\/uploads\/2023\/07\/plenaria140723-scaled.jpg","type":"image\/jpeg"}],"author":"Edwin","twitter_card":"summary_large_image","twitter_misc":{"Escrito por":"Edwin","Tiempo de lectura":"3 minutos"},"schema":{"@context":"https:\/\/schema.org","@graph":[{"@type":"WebPage","@id":"https:\/\/delegacionelnpaz.org\/?p=395","url":"https:\/\/delegacionelnpaz.org\/?p=395","name":"(12) Avanzamos en el cese al fuego y en la participaci\u00f3n - Delegaci\u00f3n de di\u00e1logos ELN PAZ","isPartOf":{"@id":"https:\/\/delegacionelnpaz.org\/#website"},"primaryImageOfPage":{"@id":"https:\/\/delegacionelnpaz.org\/?p=395#primaryimage"},"image":{"@id":"https:\/\/delegacionelnpaz.org\/?p=395#primaryimage"},"thumbnailUrl":"https:\/\/delegacionelnpaz.org\/wp-content\/uploads\/2023\/07\/plenaria140723-scaled.jpg","datePublished":"2023-07-15T13:20:34+00:00","dateModified":"2023-08-14T20:35:22+00:00","author":{"@id":"https:\/\/delegacionelnpaz.org\/#\/schema\/person\/f8e01983df8d870bed769af7e9b61e00"},"breadcrumb":{"@id":"https:\/\/delegacionelnpaz.org\/?p=395#breadcrumb"},"inLanguage":"es","potentialAction":[{"@type":"ReadAction","target":["https:\/\/delegacionelnpaz.org\/?p=395"]}]},{"@type":"ImageObject","inLanguage":"es","@id":"https:\/\/delegacionelnpaz.org\/?p=395#primaryimage","url":"https:\/\/delegacionelnpaz.org\/wp-content\/uploads\/2023\/07\/plenaria140723-scaled.jpg","contentUrl":"https:\/\/delegacionelnpaz.org\/wp-content\/uploads\/2023\/07\/plenaria140723-scaled.jpg","width":2560,"height":1443},{"@type":"BreadcrumbList","@id":"https:\/\/delegacionelnpaz.org\/?p=395#breadcrumb","itemListElement":[{"@type":"ListItem","position":1,"name":"Portada","item":"https:\/\/delegacionelnpaz.org\/"},{"@type":"ListItem","position":2,"name":"(12) Avanzamos en el cese al fuego y en la participaci\u00f3n"}]},{"@type":"WebSite","@id":"https:\/\/delegacionelnpaz.org\/#website","url":"https:\/\/delegacionelnpaz.org\/","name":"Delegaci\u00f3n de di\u00e1logos ELN PAZ","description":"ELN PAZ","potentialAction":[{"@type":"SearchAction","target":{"@type":"EntryPoint","urlTemplate":"https:\/\/delegacionelnpaz.org\/?s={search_term_string}"},"query-input":{"@type":"PropertyValueSpecification","valueRequired":true,"valueName":"search_term_string"}}],"inLanguage":"es"},{"@type":"Person","@id":"https:\/\/delegacionelnpaz.org\/#\/schema\/person\/f8e01983df8d870bed769af7e9b61e00","name":"Edwin","url":"https:\/\/delegacionelnpaz.org\/?author=6"}]}},"_links":{"self":[{"href":"https:\/\/delegacionelnpaz.org\/index.php?rest_route=\/wp\/v2\/posts\/395","targetHints":{"allow":["GET"]}}],"collection":[{"href":"https:\/\/delegacionelnpaz.org\/index.php?rest_route=\/wp\/v2\/posts"}],"about":[{"href":"https:\/\/delegacionelnpaz.org\/index.php?rest_route=\/wp\/v2\/types\/post"}],"author":[{"embeddable":true,"href":"https:\/\/delegacionelnpaz.org\/index.php?rest_route=\/wp\/v2\/users\/6"}],"replies":[{"embeddable":true,"href":"https:\/\/delegacionelnpaz.org\/index.php?rest_route=%2Fwp%2Fv2%2Fcomments&post=395"}],"version-history":[{"count":5,"href":"https:\/\/delegacionelnpaz.org\/index.php?rest_route=\/wp\/v2\/posts\/395\/revisions"}],"predecessor-version":[{"id":544,"href":"https:\/\/delegacionelnpaz.org\/index.php?rest_route=\/wp\/v2\/posts\/395\/revisions\/544"}],"wp:featuredmedia":[{"embeddable":true,"href":"https:\/\/delegacionelnpaz.org\/index.php?rest_route=\/wp\/v2\/media\/396"}],"wp:attachment":[{"href":"https:\/\/delegacionelnpaz.org\/index.php?rest_route=%2Fwp%2Fv2%2Fmedia&parent=395"}],"wp:term":[{"taxonomy":"category","embeddable":true,"href":"https:\/\/delegacionelnpaz.org\/index.php?rest_route=%2Fwp%2Fv2%2Fcategories&post=395"},{"taxonomy":"post_tag","embeddable":true,"href":"https:\/\/delegacionelnpaz.org\/index.php?rest_route=%2Fwp%2Fv2%2Ftags&post=395"}],"curies":[{"name":"wp","href":"https:\/\/api.w.org\/{rel}","templated":true}]}}