{"id":554,"date":"2023-07-31T20:48:16","date_gmt":"2023-07-31T20:48:16","guid":{"rendered":"https:\/\/delegacionelnpaz.org\/?p=554"},"modified":"2023-08-14T20:49:41","modified_gmt":"2023-08-14T20:49:41","slug":"comunicado-conjunto-13","status":"publish","type":"post","link":"https:\/\/delegacionelnpaz.org\/?p=554","title":{"rendered":"(13) Sobre instalaci\u00f3n del CNP e inicio del Cese al Fuego"},"content":{"rendered":"<p style=\"text-align: center;\">MESA DE DI\u00c1LOGOS DE PAZ | GOBIERNO DE COLOMBIA Y EJ\u00c9RCITO DE LIBERACI\u00d3N NACIONAL &#8211; ELN<\/p>\n<p style=\"text-align: center;\">COMUNICADO CONJUNTO N\u00ba13<\/p>\n<hr \/>\n<p style=\"text-align: center;\">31 de julio de 2023<\/p>\n<p>Las delegaciones del Gobierno de Colombia y del Ej\u00e9rcito de Liberaci\u00f3n Nacional -ELN para los di\u00e1logos de paz, informamos que:<\/p>\n<p>&nbsp;<\/p>\n<ol>\n<li>El pr\u00f3ximo mi\u00e9rcoles 2 de agosto de 2023 en la ciudad de Bogot\u00e1, D.C. se llevar\u00e1 a cabo la instalaci\u00f3n del Comit\u00e9 Nacional de la Participaci\u00f3n, con lo cual inicia el cumplimiento del Acuerdo N\u00ba9, \u201cEl proceso de participaci\u00f3n de la sociedad en la construcci\u00f3n de la paz\u201d.<\/li>\n<li>El Comit\u00e9 Nacional de la Participaci\u00f3n es una instancia especial y transitoria, articulada a la Mesa de Di\u00e1logos de Paz, que desempe\u00f1ar\u00e1 un papel fundamental como organismo encargado de dise\u00f1ar y promover la participaci\u00f3n de la sociedad en el proceso de paz.<\/li>\n<li>El 3 de agosto de 2023, en un acto p\u00fablico, se dar\u00e1n a conocer los integrantes del Comit\u00e9 Nacional de la Participaci\u00f3n, as\u00ed como las tareas y procedimientos que emprender\u00e1, de acuerdo con el reglamento y plan de trabajo que han sido conocidos por la opini\u00f3n p\u00fablica, El acto contar\u00e1 con la presencia del Presidente de la Rep\u00fablica, las delegaciones de Paz del Gobierno Nacional y del Ej\u00e9rcito de Liberaci\u00f3n Nacional-ELN, adem\u00e1s de representantes de la sociedad civil.<\/li>\n<li>El mismo 3 de agosto entra en vigencia el Acuerdo de Cese al Fuego Bilateral, Nacional y Temporal -CFBNY por 180 d\u00edas, hasta el 29 de enero de 2024.<\/li>\n<li>El evento p\u00fablico se transmitir\u00e1 en directo a partir de las 10:00 a.m. a trav\u00e9s de Se\u00f1al Colombia y la red de emisoras del Sistema de Medios P\u00fablicos nacionales de Colombia -RTVC.<\/li>\n<\/ol>\n<p>Bogot\u00e1, D.C. 31 de julio de 2023<\/p>\n","protected":false},"excerpt":{"rendered":"<p>MESA DE DI\u00c1LOGOS DE PAZ | GOBIERNO DE COLOMBIA Y EJ\u00c9RCITO DE LIBERACI\u00d3N NACIONAL &#8211; ELN COMUNICADO CONJUNTO N\u00ba13 31 de julio de 2023 Las delegaciones del Gobierno de Colombia&#8230;<\/p>\n","protected":false},"author":3,"featured_media":0,"comment_status":"closed","ping_status":"closed","sticky":false,"template":"","format":"standard","meta":{"footnotes":""},"categories":[10],"tags":[],"class_list":{"0":"post-554","1":"post","2":"type-post","3":"status-publish","4":"format-standard","6":"category-comunicados-conjuntos"},"yoast_head":"<!-- This site is optimized with the Yoast SEO plugin v23.6 - https:\/\/yoast.com\/wordpress\/plugins\/seo\/ -->\n<title>(13) Sobre instalaci\u00f3n del CNP e inicio del Cese al Fuego - Delegaci\u00f3n de di\u00e1logos ELN PAZ<\/title>\n<meta name=\"robots\" content=\"index, follow, max-snippet:-1, max-image-preview:large, max-video-preview:-1\" \/>\n<link rel=\"canonical\" href=\"https:\/\/delegacionelnpaz.org\/?p=554\" \/>\n<meta property=\"og:locale\" content=\"es_ES\" \/>\n<meta property=\"og:type\" content=\"article\" \/>\n<meta property=\"og:title\" content=\"(13) Sobre instalaci\u00f3n del CNP e inicio del Cese al Fuego - Delegaci\u00f3n de di\u00e1logos ELN PAZ\" \/>\n<meta property=\"og:description\" content=\"MESA DE DI\u00c1LOGOS DE PAZ | GOBIERNO DE COLOMBIA Y EJ\u00c9RCITO DE LIBERACI\u00d3N NACIONAL &#8211; ELN COMUNICADO CONJUNTO N\u00ba13 31 de julio de 2023 Las delegaciones del Gobierno de Colombia...\" \/>\n<meta property=\"og:url\" content=\"https:\/\/delegacionelnpaz.org\/?p=554\" \/>\n<meta property=\"og:site_name\" content=\"Delegaci\u00f3n de di\u00e1logos ELN PAZ\" \/>\n<meta property=\"article:published_time\" content=\"2023-07-31T20:48:16+00:00\" \/>\n<meta property=\"article:modified_time\" content=\"2023-08-14T20:49:41+00:00\" \/>\n<meta name=\"author\" content=\"paco G\u00f3mez\" \/>\n<meta name=\"twitter:card\" content=\"summary_large_image\" \/>\n<meta name=\"twitter:label1\" content=\"Escrito por\" \/>\n\t<meta name=\"twitter:data1\" content=\"paco G\u00f3mez\" \/>\n\t<meta name=\"twitter:label2\" content=\"Tiempo de lectura\" \/>\n\t<meta name=\"twitter:data2\" content=\"2 minutos\" \/>\n<script type=\"application\/ld+json\" class=\"yoast-schema-graph\">{\"@context\":\"https:\/\/schema.org\",\"@graph\":[{\"@type\":\"WebPage\",\"@id\":\"https:\/\/delegacionelnpaz.org\/?p=554\",\"url\":\"https:\/\/delegacionelnpaz.org\/?p=554\",\"name\":\"(13) Sobre instalaci\u00f3n del CNP e inicio del Cese al Fuego - Delegaci\u00f3n de di\u00e1logos ELN PAZ\",\"isPartOf\":{\"@id\":\"https:\/\/delegacionelnpaz.org\/#website\"},\"datePublished\":\"2023-07-31T20:48:16+00:00\",\"dateModified\":\"2023-08-14T20:49:41+00:00\",\"author\":{\"@id\":\"https:\/\/delegacionelnpaz.org\/#\/schema\/person\/5e729aec24df5acb58a0754d5a79cbfe\"},\"breadcrumb\":{\"@id\":\"https:\/\/delegacionelnpaz.org\/?p=554#breadcrumb\"},\"inLanguage\":\"es\",\"potentialAction\":[{\"@type\":\"ReadAction\",\"target\":[\"https:\/\/delegacionelnpaz.org\/?p=554\"]}]},{\"@type\":\"BreadcrumbList\",\"@id\":\"https:\/\/delegacionelnpaz.org\/?p=554#breadcrumb\",\"itemListElement\":[{\"@type\":\"ListItem\",\"position\":1,\"name\":\"Portada\",\"item\":\"https:\/\/delegacionelnpaz.org\/\"},{\"@type\":\"ListItem\",\"position\":2,\"name\":\"(13) Sobre instalaci\u00f3n del CNP e inicio del Cese al Fuego\"}]},{\"@type\":\"WebSite\",\"@id\":\"https:\/\/delegacionelnpaz.org\/#website\",\"url\":\"https:\/\/delegacionelnpaz.org\/\",\"name\":\"Delegaci\u00f3n de di\u00e1logos ELN PAZ\",\"description\":\"ELN PAZ\",\"potentialAction\":[{\"@type\":\"SearchAction\",\"target\":{\"@type\":\"EntryPoint\",\"urlTemplate\":\"https:\/\/delegacionelnpaz.org\/?s={search_term_string}\"},\"query-input\":{\"@type\":\"PropertyValueSpecification\",\"valueRequired\":true,\"valueName\":\"search_term_string\"}}],\"inLanguage\":\"es\"},{\"@type\":\"Person\",\"@id\":\"https:\/\/delegacionelnpaz.org\/#\/schema\/person\/5e729aec24df5acb58a0754d5a79cbfe\",\"name\":\"paco G\u00f3mez\",\"url\":\"https:\/\/delegacionelnpaz.org\/?author=3\"}]}<\/script>\n<!-- \/ Yoast SEO plugin. -->","yoast_head_json":{"title":"(13) Sobre instalaci\u00f3n del CNP e inicio del Cese al Fuego - Delegaci\u00f3n de di\u00e1logos ELN PAZ","robots":{"index":"index","follow":"follow","max-snippet":"max-snippet:-1","max-image-preview":"max-image-preview:large","max-video-preview":"max-video-preview:-1"},"canonical":"https:\/\/delegacionelnpaz.org\/?p=554","og_locale":"es_ES","og_type":"article","og_title":"(13) Sobre instalaci\u00f3n del CNP e inicio del Cese al Fuego - Delegaci\u00f3n de di\u00e1logos ELN PAZ","og_description":"MESA DE DI\u00c1LOGOS DE PAZ | GOBIERNO DE COLOMBIA Y EJ\u00c9RCITO DE LIBERACI\u00d3N NACIONAL &#8211; ELN COMUNICADO CONJUNTO N\u00ba13 31 de julio de 2023 Las delegaciones del Gobierno de Colombia...","og_url":"https:\/\/delegacionelnpaz.org\/?p=554","og_site_name":"Delegaci\u00f3n de di\u00e1logos ELN PAZ","article_published_time":"2023-07-31T20:48:16+00:00","article_modified_time":"2023-08-14T20:49:41+00:00","author":"paco G\u00f3mez","twitter_card":"summary_large_image","twitter_misc":{"Escrito por":"paco G\u00f3mez","Tiempo de lectura":"2 minutos"},"schema":{"@context":"https:\/\/schema.org","@graph":[{"@type":"WebPage","@id":"https:\/\/delegacionelnpaz.org\/?p=554","url":"https:\/\/delegacionelnpaz.org\/?p=554","name":"(13) Sobre instalaci\u00f3n del CNP e inicio del Cese al Fuego - Delegaci\u00f3n de di\u00e1logos ELN PAZ","isPartOf":{"@id":"https:\/\/delegacionelnpaz.org\/#website"},"datePublished":"2023-07-31T20:48:16+00:00","dateModified":"2023-08-14T20:49:41+00:00","author":{"@id":"https:\/\/delegacionelnpaz.org\/#\/schema\/person\/5e729aec24df5acb58a0754d5a79cbfe"},"breadcrumb":{"@id":"https:\/\/delegacionelnpaz.org\/?p=554#breadcrumb"},"inLanguage":"es","potentialAction":[{"@type":"ReadAction","target":["https:\/\/delegacionelnpaz.org\/?p=554"]}]},{"@type":"BreadcrumbList","@id":"https:\/\/delegacionelnpaz.org\/?p=554#breadcrumb","itemListElement":[{"@type":"ListItem","position":1,"name":"Portada","item":"https:\/\/delegacionelnpaz.org\/"},{"@type":"ListItem","position":2,"name":"(13) Sobre instalaci\u00f3n del CNP e inicio del Cese al Fuego"}]},{"@type":"WebSite","@id":"https:\/\/delegacionelnpaz.org\/#website","url":"https:\/\/delegacionelnpaz.org\/","name":"Delegaci\u00f3n de di\u00e1logos ELN PAZ","description":"ELN PAZ","potentialAction":[{"@type":"SearchAction","target":{"@type":"EntryPoint","urlTemplate":"https:\/\/delegacionelnpaz.org\/?s={search_term_string}"},"query-input":{"@type":"PropertyValueSpecification","valueRequired":true,"valueName":"search_term_string"}}],"inLanguage":"es"},{"@type":"Person","@id":"https:\/\/delegacionelnpaz.org\/#\/schema\/person\/5e729aec24df5acb58a0754d5a79cbfe","name":"paco G\u00f3mez","url":"https:\/\/delegacionelnpaz.org\/?author=3"}]}},"_links":{"self":[{"href":"https:\/\/delegacionelnpaz.org\/index.php?rest_route=\/wp\/v2\/posts\/554","targetHints":{"allow":["GET"]}}],"collection":[{"href":"https:\/\/delegacionelnpaz.org\/index.php?rest_route=\/wp\/v2\/posts"}],"about":[{"href":"https:\/\/delegacionelnpaz.org\/index.php?rest_route=\/wp\/v2\/types\/post"}],"author":[{"embeddable":true,"href":"https:\/\/delegacionelnpaz.org\/index.php?rest_route=\/wp\/v2\/users\/3"}],"replies":[{"embeddable":true,"href":"https:\/\/delegacionelnpaz.org\/index.php?rest_route=%2Fwp%2Fv2%2Fcomments&post=554"}],"version-history":[{"count":3,"href":"https:\/\/delegacionelnpaz.org\/index.php?rest_route=\/wp\/v2\/posts\/554\/revisions"}],"predecessor-version":[{"id":557,"href":"https:\/\/delegacionelnpaz.org\/index.php?rest_route=\/wp\/v2\/posts\/554\/revisions\/557"}],"wp:attachment":[{"href":"https:\/\/delegacionelnpaz.org\/index.php?rest_route=%2Fwp%2Fv2%2Fmedia&parent=554"}],"wp:term":[{"taxonomy":"category","embeddable":true,"href":"https:\/\/delegacionelnpaz.org\/index.php?rest_route=%2Fwp%2Fv2%2Fcategories&post=554"},{"taxonomy":"post_tag","embeddable":true,"href":"https:\/\/delegacionelnpaz.org\/index.php?rest_route=%2Fwp%2Fv2%2Ftags&post=554"}],"curies":[{"name":"wp","href":"https:\/\/api.w.org\/{rel}","templated":true}]}}