{"id":558,"date":"2023-06-08T20:51:47","date_gmt":"2023-06-08T20:51:47","guid":{"rendered":"https:\/\/delegacionelnpaz.org\/?p=558"},"modified":"2023-08-14T20:53:19","modified_gmt":"2023-08-14T20:53:19","slug":"10-dia-adicional-para-ultimar-acuerdos-de-cuba-y-protocolos","status":"publish","type":"post","link":"https:\/\/delegacionelnpaz.org\/?p=558","title":{"rendered":"(10) D\u00eda adicional para ultimar Acuerdos de Cuba y protocolos"},"content":{"rendered":"<p style=\"text-align: center;\">MESA DE DI\u00c1LOGOS DE PAZ | GOBIERNO DE COLOMBIA Y EJ\u00c9RCITO DE LIBERACI\u00d3N NACIONAL &#8211; ELN<\/p>\n<p style=\"text-align: center;\">COMUNICADO CONJUNTO N\u00ba10<\/p>\n<hr \/>\n<p style=\"text-align: center;\">8 de junio de 2023<\/p>\n<p>Las delegaciones del Gobierno de la Rep\u00fablica de Colombia y del Ej\u00e9rcito de Liberaci\u00f3n Nacional &#8211; ELN, informamos:<\/p>\n<p>Hemos solicitado un d\u00eda m\u00e1s al se\u00f1or Presidente de la Rep\u00fablica, Gustavo Petro Urrego y al Primer Comandante del Ej\u00e9rcito de Liberaci\u00f3n Nacional &#8211; ELN, Antonio Garc\u00eda, para realizar el evento de clausura del tercer ciclo de la Mesa de Di\u00e1logos de Paz, con el fin de ultimar detalles de los textos de los Acuerdos de Cuba y sus respectivos protocolos.<\/p>\n<p>La Habana, Rep\u00fablica de Cuba, 8 de junio de 2023.<\/p>\n","protected":false},"excerpt":{"rendered":"<p>MESA DE DI\u00c1LOGOS DE PAZ | GOBIERNO DE COLOMBIA Y EJ\u00c9RCITO DE LIBERACI\u00d3N NACIONAL &#8211; ELN COMUNICADO CONJUNTO N\u00ba10 8 de junio de 2023 Las delegaciones del Gobierno de la&#8230;<\/p>\n","protected":false},"author":3,"featured_media":0,"comment_status":"closed","ping_status":"closed","sticky":false,"template":"","format":"standard","meta":{"footnotes":""},"categories":[10],"tags":[],"class_list":{"0":"post-558","1":"post","2":"type-post","3":"status-publish","4":"format-standard","6":"category-comunicados-conjuntos"},"yoast_head":"<!-- This site is optimized with the Yoast SEO plugin v23.6 - https:\/\/yoast.com\/wordpress\/plugins\/seo\/ -->\n<title>(10) D\u00eda adicional para ultimar Acuerdos de Cuba y protocolos - Delegaci\u00f3n de di\u00e1logos ELN PAZ<\/title>\n<meta name=\"robots\" content=\"index, follow, max-snippet:-1, max-image-preview:large, max-video-preview:-1\" \/>\n<link rel=\"canonical\" href=\"https:\/\/delegacionelnpaz.org\/?p=558\" \/>\n<meta property=\"og:locale\" content=\"es_ES\" \/>\n<meta property=\"og:type\" content=\"article\" \/>\n<meta property=\"og:title\" content=\"(10) D\u00eda adicional para ultimar Acuerdos de Cuba y protocolos - Delegaci\u00f3n de di\u00e1logos ELN PAZ\" \/>\n<meta property=\"og:description\" content=\"MESA DE DI\u00c1LOGOS DE PAZ | GOBIERNO DE COLOMBIA Y EJ\u00c9RCITO DE LIBERACI\u00d3N NACIONAL &#8211; ELN COMUNICADO CONJUNTO N\u00ba10 8 de junio de 2023 Las delegaciones del Gobierno de la...\" \/>\n<meta property=\"og:url\" content=\"https:\/\/delegacionelnpaz.org\/?p=558\" \/>\n<meta property=\"og:site_name\" content=\"Delegaci\u00f3n de di\u00e1logos ELN PAZ\" \/>\n<meta property=\"article:published_time\" content=\"2023-06-08T20:51:47+00:00\" \/>\n<meta property=\"article:modified_time\" content=\"2023-08-14T20:53:19+00:00\" \/>\n<meta name=\"author\" content=\"paco G\u00f3mez\" \/>\n<meta name=\"twitter:card\" content=\"summary_large_image\" \/>\n<meta name=\"twitter:label1\" content=\"Escrito por\" \/>\n\t<meta name=\"twitter:data1\" content=\"paco G\u00f3mez\" \/>\n\t<meta name=\"twitter:label2\" content=\"Tiempo de lectura\" \/>\n\t<meta name=\"twitter:data2\" content=\"1 minuto\" \/>\n<script type=\"application\/ld+json\" class=\"yoast-schema-graph\">{\"@context\":\"https:\/\/schema.org\",\"@graph\":[{\"@type\":\"WebPage\",\"@id\":\"https:\/\/delegacionelnpaz.org\/?p=558\",\"url\":\"https:\/\/delegacionelnpaz.org\/?p=558\",\"name\":\"(10) D\u00eda adicional para ultimar Acuerdos de Cuba y protocolos - Delegaci\u00f3n de di\u00e1logos ELN PAZ\",\"isPartOf\":{\"@id\":\"https:\/\/delegacionelnpaz.org\/#website\"},\"datePublished\":\"2023-06-08T20:51:47+00:00\",\"dateModified\":\"2023-08-14T20:53:19+00:00\",\"author\":{\"@id\":\"https:\/\/delegacionelnpaz.org\/#\/schema\/person\/5e729aec24df5acb58a0754d5a79cbfe\"},\"breadcrumb\":{\"@id\":\"https:\/\/delegacionelnpaz.org\/?p=558#breadcrumb\"},\"inLanguage\":\"es\",\"potentialAction\":[{\"@type\":\"ReadAction\",\"target\":[\"https:\/\/delegacionelnpaz.org\/?p=558\"]}]},{\"@type\":\"BreadcrumbList\",\"@id\":\"https:\/\/delegacionelnpaz.org\/?p=558#breadcrumb\",\"itemListElement\":[{\"@type\":\"ListItem\",\"position\":1,\"name\":\"Portada\",\"item\":\"https:\/\/delegacionelnpaz.org\/\"},{\"@type\":\"ListItem\",\"position\":2,\"name\":\"(10) D\u00eda adicional para ultimar Acuerdos de Cuba y protocolos\"}]},{\"@type\":\"WebSite\",\"@id\":\"https:\/\/delegacionelnpaz.org\/#website\",\"url\":\"https:\/\/delegacionelnpaz.org\/\",\"name\":\"Delegaci\u00f3n de di\u00e1logos ELN PAZ\",\"description\":\"ELN PAZ\",\"potentialAction\":[{\"@type\":\"SearchAction\",\"target\":{\"@type\":\"EntryPoint\",\"urlTemplate\":\"https:\/\/delegacionelnpaz.org\/?s={search_term_string}\"},\"query-input\":{\"@type\":\"PropertyValueSpecification\",\"valueRequired\":true,\"valueName\":\"search_term_string\"}}],\"inLanguage\":\"es\"},{\"@type\":\"Person\",\"@id\":\"https:\/\/delegacionelnpaz.org\/#\/schema\/person\/5e729aec24df5acb58a0754d5a79cbfe\",\"name\":\"paco G\u00f3mez\",\"url\":\"https:\/\/delegacionelnpaz.org\/?author=3\"}]}<\/script>\n<!-- \/ Yoast SEO plugin. -->","yoast_head_json":{"title":"(10) D\u00eda adicional para ultimar Acuerdos de Cuba y protocolos - Delegaci\u00f3n de di\u00e1logos ELN PAZ","robots":{"index":"index","follow":"follow","max-snippet":"max-snippet:-1","max-image-preview":"max-image-preview:large","max-video-preview":"max-video-preview:-1"},"canonical":"https:\/\/delegacionelnpaz.org\/?p=558","og_locale":"es_ES","og_type":"article","og_title":"(10) D\u00eda adicional para ultimar Acuerdos de Cuba y protocolos - Delegaci\u00f3n de di\u00e1logos ELN PAZ","og_description":"MESA DE DI\u00c1LOGOS DE PAZ | GOBIERNO DE COLOMBIA Y EJ\u00c9RCITO DE LIBERACI\u00d3N NACIONAL &#8211; ELN COMUNICADO CONJUNTO N\u00ba10 8 de junio de 2023 Las delegaciones del Gobierno de la...","og_url":"https:\/\/delegacionelnpaz.org\/?p=558","og_site_name":"Delegaci\u00f3n de di\u00e1logos ELN PAZ","article_published_time":"2023-06-08T20:51:47+00:00","article_modified_time":"2023-08-14T20:53:19+00:00","author":"paco G\u00f3mez","twitter_card":"summary_large_image","twitter_misc":{"Escrito por":"paco G\u00f3mez","Tiempo de lectura":"1 minuto"},"schema":{"@context":"https:\/\/schema.org","@graph":[{"@type":"WebPage","@id":"https:\/\/delegacionelnpaz.org\/?p=558","url":"https:\/\/delegacionelnpaz.org\/?p=558","name":"(10) D\u00eda adicional para ultimar Acuerdos de Cuba y protocolos - Delegaci\u00f3n de di\u00e1logos ELN PAZ","isPartOf":{"@id":"https:\/\/delegacionelnpaz.org\/#website"},"datePublished":"2023-06-08T20:51:47+00:00","dateModified":"2023-08-14T20:53:19+00:00","author":{"@id":"https:\/\/delegacionelnpaz.org\/#\/schema\/person\/5e729aec24df5acb58a0754d5a79cbfe"},"breadcrumb":{"@id":"https:\/\/delegacionelnpaz.org\/?p=558#breadcrumb"},"inLanguage":"es","potentialAction":[{"@type":"ReadAction","target":["https:\/\/delegacionelnpaz.org\/?p=558"]}]},{"@type":"BreadcrumbList","@id":"https:\/\/delegacionelnpaz.org\/?p=558#breadcrumb","itemListElement":[{"@type":"ListItem","position":1,"name":"Portada","item":"https:\/\/delegacionelnpaz.org\/"},{"@type":"ListItem","position":2,"name":"(10) D\u00eda adicional para ultimar Acuerdos de Cuba y protocolos"}]},{"@type":"WebSite","@id":"https:\/\/delegacionelnpaz.org\/#website","url":"https:\/\/delegacionelnpaz.org\/","name":"Delegaci\u00f3n de di\u00e1logos ELN PAZ","description":"ELN PAZ","potentialAction":[{"@type":"SearchAction","target":{"@type":"EntryPoint","urlTemplate":"https:\/\/delegacionelnpaz.org\/?s={search_term_string}"},"query-input":{"@type":"PropertyValueSpecification","valueRequired":true,"valueName":"search_term_string"}}],"inLanguage":"es"},{"@type":"Person","@id":"https:\/\/delegacionelnpaz.org\/#\/schema\/person\/5e729aec24df5acb58a0754d5a79cbfe","name":"paco G\u00f3mez","url":"https:\/\/delegacionelnpaz.org\/?author=3"}]}},"_links":{"self":[{"href":"https:\/\/delegacionelnpaz.org\/index.php?rest_route=\/wp\/v2\/posts\/558","targetHints":{"allow":["GET"]}}],"collection":[{"href":"https:\/\/delegacionelnpaz.org\/index.php?rest_route=\/wp\/v2\/posts"}],"about":[{"href":"https:\/\/delegacionelnpaz.org\/index.php?rest_route=\/wp\/v2\/types\/post"}],"author":[{"embeddable":true,"href":"https:\/\/delegacionelnpaz.org\/index.php?rest_route=\/wp\/v2\/users\/3"}],"replies":[{"embeddable":true,"href":"https:\/\/delegacionelnpaz.org\/index.php?rest_route=%2Fwp%2Fv2%2Fcomments&post=558"}],"version-history":[{"count":1,"href":"https:\/\/delegacionelnpaz.org\/index.php?rest_route=\/wp\/v2\/posts\/558\/revisions"}],"predecessor-version":[{"id":559,"href":"https:\/\/delegacionelnpaz.org\/index.php?rest_route=\/wp\/v2\/posts\/558\/revisions\/559"}],"wp:attachment":[{"href":"https:\/\/delegacionelnpaz.org\/index.php?rest_route=%2Fwp%2Fv2%2Fmedia&parent=558"}],"wp:term":[{"taxonomy":"category","embeddable":true,"href":"https:\/\/delegacionelnpaz.org\/index.php?rest_route=%2Fwp%2Fv2%2Fcategories&post=558"},{"taxonomy":"post_tag","embeddable":true,"href":"https:\/\/delegacionelnpaz.org\/index.php?rest_route=%2Fwp%2Fv2%2Ftags&post=558"}],"curies":[{"name":"wp","href":"https:\/\/api.w.org\/{rel}","templated":true}]}}