{"id":573,"date":"2023-08-20T16:38:58","date_gmt":"2023-08-20T16:38:58","guid":{"rendered":"https:\/\/delegacionelnpaz.org\/?p=573"},"modified":"2023-08-20T16:38:58","modified_gmt":"2023-08-20T16:38:58","slug":"titulares-contra-la-paz","status":"publish","type":"post","link":"https:\/\/delegacionelnpaz.org\/?p=573","title":{"rendered":"Hay titulares que atentan contra la paz"},"content":{"rendered":"<p>El pasado jueves 17 de agosto, el jefe del Delegaci\u00f3n de Di\u00e1logos del ELN, <strong>Pablo Beltr\u00e1n<\/strong>, <strong>advert\u00eda de que hay una doble ofensiva contra los avances que ha hecho la Mesa de Di\u00e1logos de Paz<\/strong> entre la guerrilla del Ej\u00e9rcito de Liberaci\u00f3n Nacional -ELN y el Gobierno de Colombia. Uno de los ataques se traduce en un despliegue inusual en los territorios de grupos paramilitares y neoparamilitares. Pero la segunda forma de los ataques es medi\u00e1tica.<\/p>\n<p><strong>El &#8216;liderazgo&#8217; de esta ofensiva lo tiene la Revista Semana<\/strong>, el ariete medi\u00e1tico desde el que el poderoso <strong>Grupo Gilinski<\/strong> (due\u00f1o del banco GNB Sudameris, de la mayor\u00eda del grupo Nutresa, entre otras empresas) trata de influir en la pol\u00edtica del pa\u00eds y que ha supuesto una derechizaci\u00f3n radical de este medio, que alguna vez tuvo cierto prestigio period\u00edstico. Justo <strong>desde que el 3 de agosto se instalara p\u00fablicamente el Consejo Nacional de Participaci\u00f3n<\/strong>, en un multitudinario acto celebrado en Bogot\u00e1, e iniciara el Cese al Fuego Bilateral, Nacional y Temporal \u2014ambas implementaciones importantes de los Acuerdos de Cuba\u2014, <strong>comenz\u00f3 una ofensiva de titulares basados en informaci\u00f3n no verificada, o directamente manipulada, <\/strong>que han enrarecido el ambiente.<\/p>\n<blockquote><p>Entre el 9 de agosto y el 18 de agosto, Semana public\u00f3 57 notas diferentes alrededor del falso plan del ELN para atentar contra el fiscal<\/p><\/blockquote>\n<p>Semana ha servido de altavoz a la campa\u00f1a del <strong>Fiscal General de la Naci\u00f3n, Francisco Barbosa, contra el Gobierno de Gustavo Petro<\/strong> y, de carambola, contra la Mesa de Di\u00e1logos. <strong>Entre el 9 de agosto y el 18 de agosto, la edici\u00f3n digital de la Revista Semana \u2014que es la que realmente influye en el pa\u00eds\u2014 public\u00f3 57 notas diferentes alrededor del supuesto plan del ELN para atentar contra el fiscal<\/strong>, contra la senadora de extrema derecha, Mar\u00eda Fernanda Cabal y contra el ex comandante del Ej\u00e9rcito, el general en retiro Eduardo Zapateiro. Eso significa casi una media de 6 notas al d\u00eda respecto al tema. Por supuesto, a esas habr\u00eda que sumarles la del supuesto plan de atentar en Bogot\u00e1 y las que tienen que ver con un supuesto paro armado que ha sido desmentido, aunque la revista no recoja ese hecho.<\/p>\n<p>A la Revista Semana la siguen una serie de medios. Por supuesto, <strong>los otros medios comprados por Gilinski<\/strong> (El Pa\u00eds de Cali y El Heraldo de Barranquilla), pero tambi\u00e9n gustan de replicar el enfoque otros medios como <strong>Blu Radio, Vanguardia Liberal o Infobae<\/strong>, entre otros.<\/p>\n<p>La \u00faltima prueba de los montajes medi\u00e1ticos respecto al supuesto \u2014y falso\u2014 plan para atentar contra Barbosa, Cabal y Zapateiro es el titular que se ha instalado en las \u00faltimas horas: \u201c<strong>Confirman planes del ELN para asesinar a Mar\u00eda Fernanda Cabal y al general (r) Zapateiro<\/strong>. Gobierno Petro ten\u00eda la informaci\u00f3n hace dos meses\u201d. La \u00fanica fuente de esta supuesta noticia es el abogado V\u00edctor Mosquera, que \u2014<em>casualmente<\/em>\u2014 representa a Cabal y a Zapateiro. El abogado dice que, gracias a fuentes de inteligencia en el extranjero\u201d, se confirma el plan y que el Gobierno lo conoc\u00eda hace dos meses. No hay m\u00e1s datos, no sabemos que inteligencia de qu\u00e9 pa\u00eds, no hay ning\u00fan tipo de verificaci\u00f3n period\u00edstica. El Fiscal, que hizo p\u00fablica la supuesta amenaza antes incluso de hablar con el Ministerio de Defensa o con presidencia, tampoco ha sido capaz de mostrar una sola prueba del plan.<\/p>\n<p><iframe loading=\"lazy\"  id=\"_ytid_86453\"  width=\"1080\" height=\"607\"  data-origwidth=\"1080\" data-origheight=\"607\" src=\"https:\/\/www.youtube.com\/embed\/d-RwwbhpU18?enablejsapi=1&#038;autoplay=0&#038;cc_load_policy=0&#038;cc_lang_pref=&#038;iv_load_policy=1&#038;loop=0&#038;modestbranding=0&#038;rel=1&#038;fs=1&#038;playsinline=0&#038;autohide=2&#038;theme=dark&#038;color=red&#038;controls=1&#038;\" class=\"__youtube_prefs__  epyt-is-override  no-lazyload\" title=\"YouTube player\"  allow=\"fullscreen; accelerometer; autoplay; clipboard-write; encrypted-media; gyroscope; picture-in-picture\" allowfullscreen data-no-lazy=\"1\" data-skipgform_ajax_framebjll=\"\"><\/iframe><\/p>\n<p>El pasado 13 de agosto, el <a href=\"https:\/\/www.elespectador.com\/opinion\/editorial\/necesitamos-total-claridad-sobre-el-supuesto-plan-del-eln\/\">editorial del diario El Espectador<\/a> exig\u00eda que se aclare la informaci\u00f3n por el bien del pa\u00eds. \u201c<strong>Es imperativo que los organismos de inteligencia y seguridad consideren todas las hip\u00f3tesis, confirmen las fuentes de esa informaci\u00f3n y resuelvan las dudas que genera el caso. Es la \u00fanica manera de despejar cualquier conjetura<\/strong>\u201d. La conjetura es, sin embargo, un buen espacio para la manipulaci\u00f3n y para atentar contra la paz.<\/p>\n<p>La \u00faltima semana ha sido intensa en titulares que atentan contra la paz. El responsable de la <strong>Misi\u00f3n de Verificaci\u00f3n de la ONU en Colombia, Carlos Ruiz Massieu<\/strong>, concedi\u00f3 dos entrevistas. <strong>Una, a la agencia de noticias EFE donde, de manera rigurosa, se reprodujeron las<\/strong> explicaciones de Ruiz Massieu sobre la evoluci\u00f3n del Mecanismo de Monitoreo y Verificaci\u00f3n del Cese al Fuego Bilateral, Nacional y Temporal entre el ELN y las Fuerzas Armadas de Colombia. Otra a Blue Radio en la que explic\u00f3 lo mismo pero se titul\u00f3 muy diferente; y ya sabemos que <strong>el titular se esconde el demonio<\/strong> (porque es lo que la inmensa mayor\u00eda de personas lee). La primera, la de EFE, fue titulada: \u201cLa ONU cuenta \u00abpocos\u00bb incidentes tras el cese al fuego\u201d. La segunda, la de <strong>Blue Radio<\/strong>, \u201cONU revela que ya se registran m\u00e1s de dos decenas de posibles violaciones de cese bilateral con ELN\u201d. <strong>El titular manipula la informaci\u00f3n de Massieu<\/strong> y facilita que otros medios, haciendo referencia a la entrevista, vayan m\u00e1s all\u00e1, como El Colombiano, que se atreve a afirmar: \u201cEnfrentamientos del ELN con otros grupos armados, con finamientos de poblaci\u00f3n civil son algunos de los elementos que se han configurado como posibles violaciones al cese al fuego y que la misi\u00f3n de verificaci\u00f3n est\u00e1 evaluando en ese sentido\u201d. La Misi\u00f3n de Verificaci\u00f3n de la ONU no eval\u00faa, sino que lo hace el Mecanismo, del que forma parte la ONU, la Iglesia cat\u00f3lica y las partes que se sientan en la Mesa. Y los choques entre el ELN y otros grupos no pueden ser evaluados en un cese \u201cbilateral\u201d.<\/p>\n<p><strong>Estos dos ejemplos \u2014la novela de Fiscal\u00eda y el caso del cese al fuego\u2014 son s\u00f3lo algunos casos que parecen aislados de lo que est\u00e1 bien tejido<\/strong>. Sigamos atentos para que cada vez menos titulares atenten contra los esfuerzos de paz.<\/p>\n","protected":false},"excerpt":{"rendered":"<p>El pasado jueves 17 de agosto, el jefe del Delegaci\u00f3n de Di\u00e1logos del ELN, Pablo Beltr\u00e1n, advert\u00eda de que hay una doble ofensiva contra los avances que ha hecho la&#8230;<\/p>\n","protected":false},"author":3,"featured_media":575,"comment_status":"closed","ping_status":"closed","sticky":false,"template":"","format":"standard","meta":{"footnotes":""},"categories":[1],"tags":[66,64,18,13,67,23,65],"class_list":{"0":"post-573","1":"post","2":"type-post","3":"status-publish","4":"format-standard","5":"has-post-thumbnail","7":"category-actualidad","8":"tag-semanamiente","9":"tag-barbosa","10":"tag-colombia","11":"tag-eln","12":"tag-noticias-falsas","13":"tag-paz","14":"tag-revista-semana"},"yoast_head":"<!-- This site is optimized with the Yoast SEO plugin v23.6 - https:\/\/yoast.com\/wordpress\/plugins\/seo\/ -->\n<title>Hay titulares que atentan contra la paz - Delegaci\u00f3n de di\u00e1logos ELN PAZ<\/title>\n<meta name=\"robots\" content=\"index, follow, max-snippet:-1, max-image-preview:large, max-video-preview:-1\" \/>\n<link rel=\"canonical\" href=\"https:\/\/delegacionelnpaz.org\/?p=573\" \/>\n<meta property=\"og:locale\" content=\"es_ES\" \/>\n<meta property=\"og:type\" content=\"article\" \/>\n<meta property=\"og:title\" content=\"Hay titulares que atentan contra la paz - Delegaci\u00f3n de di\u00e1logos ELN PAZ\" \/>\n<meta property=\"og:description\" content=\"El pasado jueves 17 de agosto, el jefe del Delegaci\u00f3n de Di\u00e1logos del ELN, Pablo Beltr\u00e1n, advert\u00eda de que hay una doble ofensiva contra los avances que ha hecho la...\" \/>\n<meta property=\"og:url\" content=\"https:\/\/delegacionelnpaz.org\/?p=573\" \/>\n<meta property=\"og:site_name\" content=\"Delegaci\u00f3n de di\u00e1logos ELN PAZ\" \/>\n<meta property=\"article:published_time\" content=\"2023-08-20T16:38:58+00:00\" \/>\n<meta property=\"og:image\" content=\"https:\/\/delegacionelnpaz.org\/wp-content\/uploads\/2023\/08\/Captura-de-Pantalla-2023-08-20-a-las-18.36.12-1024x567.png\" \/>\n\t<meta property=\"og:image:width\" content=\"1024\" \/>\n\t<meta property=\"og:image:height\" content=\"567\" \/>\n\t<meta property=\"og:image:type\" content=\"image\/png\" \/>\n<meta name=\"author\" content=\"paco G\u00f3mez\" \/>\n<meta name=\"twitter:card\" content=\"summary_large_image\" \/>\n<meta name=\"twitter:label1\" content=\"Escrito por\" \/>\n\t<meta name=\"twitter:data1\" content=\"paco G\u00f3mez\" \/>\n\t<meta name=\"twitter:label2\" content=\"Tiempo de lectura\" \/>\n\t<meta name=\"twitter:data2\" content=\"5 minutos\" \/>\n<script type=\"application\/ld+json\" class=\"yoast-schema-graph\">{\"@context\":\"https:\/\/schema.org\",\"@graph\":[{\"@type\":\"WebPage\",\"@id\":\"https:\/\/delegacionelnpaz.org\/?p=573\",\"url\":\"https:\/\/delegacionelnpaz.org\/?p=573\",\"name\":\"Hay titulares que atentan contra la paz - Delegaci\u00f3n de di\u00e1logos ELN PAZ\",\"isPartOf\":{\"@id\":\"https:\/\/delegacionelnpaz.org\/#website\"},\"primaryImageOfPage\":{\"@id\":\"https:\/\/delegacionelnpaz.org\/?p=573#primaryimage\"},\"image\":{\"@id\":\"https:\/\/delegacionelnpaz.org\/?p=573#primaryimage\"},\"thumbnailUrl\":\"https:\/\/delegacionelnpaz.org\/wp-content\/uploads\/2023\/08\/Captura-de-Pantalla-2023-08-20-a-las-18.36.12.png\",\"datePublished\":\"2023-08-20T16:38:58+00:00\",\"dateModified\":\"2023-08-20T16:38:58+00:00\",\"author\":{\"@id\":\"https:\/\/delegacionelnpaz.org\/#\/schema\/person\/5e729aec24df5acb58a0754d5a79cbfe\"},\"breadcrumb\":{\"@id\":\"https:\/\/delegacionelnpaz.org\/?p=573#breadcrumb\"},\"inLanguage\":\"es\",\"potentialAction\":[{\"@type\":\"ReadAction\",\"target\":[\"https:\/\/delegacionelnpaz.org\/?p=573\"]}]},{\"@type\":\"ImageObject\",\"inLanguage\":\"es\",\"@id\":\"https:\/\/delegacionelnpaz.org\/?p=573#primaryimage\",\"url\":\"https:\/\/delegacionelnpaz.org\/wp-content\/uploads\/2023\/08\/Captura-de-Pantalla-2023-08-20-a-las-18.36.12.png\",\"contentUrl\":\"https:\/\/delegacionelnpaz.org\/wp-content\/uploads\/2023\/08\/Captura-de-Pantalla-2023-08-20-a-las-18.36.12.png\",\"width\":2768,\"height\":1532},{\"@type\":\"BreadcrumbList\",\"@id\":\"https:\/\/delegacionelnpaz.org\/?p=573#breadcrumb\",\"itemListElement\":[{\"@type\":\"ListItem\",\"position\":1,\"name\":\"Portada\",\"item\":\"https:\/\/delegacionelnpaz.org\/\"},{\"@type\":\"ListItem\",\"position\":2,\"name\":\"Hay titulares que atentan contra la paz\"}]},{\"@type\":\"WebSite\",\"@id\":\"https:\/\/delegacionelnpaz.org\/#website\",\"url\":\"https:\/\/delegacionelnpaz.org\/\",\"name\":\"Delegaci\u00f3n de di\u00e1logos ELN PAZ\",\"description\":\"ELN PAZ\",\"potentialAction\":[{\"@type\":\"SearchAction\",\"target\":{\"@type\":\"EntryPoint\",\"urlTemplate\":\"https:\/\/delegacionelnpaz.org\/?s={search_term_string}\"},\"query-input\":{\"@type\":\"PropertyValueSpecification\",\"valueRequired\":true,\"valueName\":\"search_term_string\"}}],\"inLanguage\":\"es\"},{\"@type\":\"Person\",\"@id\":\"https:\/\/delegacionelnpaz.org\/#\/schema\/person\/5e729aec24df5acb58a0754d5a79cbfe\",\"name\":\"paco G\u00f3mez\",\"url\":\"https:\/\/delegacionelnpaz.org\/?author=3\"}]}<\/script>\n<!-- \/ Yoast SEO plugin. -->","yoast_head_json":{"title":"Hay titulares que atentan contra la paz - Delegaci\u00f3n de di\u00e1logos ELN PAZ","robots":{"index":"index","follow":"follow","max-snippet":"max-snippet:-1","max-image-preview":"max-image-preview:large","max-video-preview":"max-video-preview:-1"},"canonical":"https:\/\/delegacionelnpaz.org\/?p=573","og_locale":"es_ES","og_type":"article","og_title":"Hay titulares que atentan contra la paz - Delegaci\u00f3n de di\u00e1logos ELN PAZ","og_description":"El pasado jueves 17 de agosto, el jefe del Delegaci\u00f3n de Di\u00e1logos del ELN, Pablo Beltr\u00e1n, advert\u00eda de que hay una doble ofensiva contra los avances que ha hecho la...","og_url":"https:\/\/delegacionelnpaz.org\/?p=573","og_site_name":"Delegaci\u00f3n de di\u00e1logos ELN PAZ","article_published_time":"2023-08-20T16:38:58+00:00","og_image":[{"width":1024,"height":567,"url":"https:\/\/delegacionelnpaz.org\/wp-content\/uploads\/2023\/08\/Captura-de-Pantalla-2023-08-20-a-las-18.36.12-1024x567.png","type":"image\/png"}],"author":"paco G\u00f3mez","twitter_card":"summary_large_image","twitter_misc":{"Escrito por":"paco G\u00f3mez","Tiempo de lectura":"5 minutos"},"schema":{"@context":"https:\/\/schema.org","@graph":[{"@type":"WebPage","@id":"https:\/\/delegacionelnpaz.org\/?p=573","url":"https:\/\/delegacionelnpaz.org\/?p=573","name":"Hay titulares que atentan contra la paz - Delegaci\u00f3n de di\u00e1logos ELN PAZ","isPartOf":{"@id":"https:\/\/delegacionelnpaz.org\/#website"},"primaryImageOfPage":{"@id":"https:\/\/delegacionelnpaz.org\/?p=573#primaryimage"},"image":{"@id":"https:\/\/delegacionelnpaz.org\/?p=573#primaryimage"},"thumbnailUrl":"https:\/\/delegacionelnpaz.org\/wp-content\/uploads\/2023\/08\/Captura-de-Pantalla-2023-08-20-a-las-18.36.12.png","datePublished":"2023-08-20T16:38:58+00:00","dateModified":"2023-08-20T16:38:58+00:00","author":{"@id":"https:\/\/delegacionelnpaz.org\/#\/schema\/person\/5e729aec24df5acb58a0754d5a79cbfe"},"breadcrumb":{"@id":"https:\/\/delegacionelnpaz.org\/?p=573#breadcrumb"},"inLanguage":"es","potentialAction":[{"@type":"ReadAction","target":["https:\/\/delegacionelnpaz.org\/?p=573"]}]},{"@type":"ImageObject","inLanguage":"es","@id":"https:\/\/delegacionelnpaz.org\/?p=573#primaryimage","url":"https:\/\/delegacionelnpaz.org\/wp-content\/uploads\/2023\/08\/Captura-de-Pantalla-2023-08-20-a-las-18.36.12.png","contentUrl":"https:\/\/delegacionelnpaz.org\/wp-content\/uploads\/2023\/08\/Captura-de-Pantalla-2023-08-20-a-las-18.36.12.png","width":2768,"height":1532},{"@type":"BreadcrumbList","@id":"https:\/\/delegacionelnpaz.org\/?p=573#breadcrumb","itemListElement":[{"@type":"ListItem","position":1,"name":"Portada","item":"https:\/\/delegacionelnpaz.org\/"},{"@type":"ListItem","position":2,"name":"Hay titulares que atentan contra la paz"}]},{"@type":"WebSite","@id":"https:\/\/delegacionelnpaz.org\/#website","url":"https:\/\/delegacionelnpaz.org\/","name":"Delegaci\u00f3n de di\u00e1logos ELN PAZ","description":"ELN PAZ","potentialAction":[{"@type":"SearchAction","target":{"@type":"EntryPoint","urlTemplate":"https:\/\/delegacionelnpaz.org\/?s={search_term_string}"},"query-input":{"@type":"PropertyValueSpecification","valueRequired":true,"valueName":"search_term_string"}}],"inLanguage":"es"},{"@type":"Person","@id":"https:\/\/delegacionelnpaz.org\/#\/schema\/person\/5e729aec24df5acb58a0754d5a79cbfe","name":"paco G\u00f3mez","url":"https:\/\/delegacionelnpaz.org\/?author=3"}]}},"_links":{"self":[{"href":"https:\/\/delegacionelnpaz.org\/index.php?rest_route=\/wp\/v2\/posts\/573","targetHints":{"allow":["GET"]}}],"collection":[{"href":"https:\/\/delegacionelnpaz.org\/index.php?rest_route=\/wp\/v2\/posts"}],"about":[{"href":"https:\/\/delegacionelnpaz.org\/index.php?rest_route=\/wp\/v2\/types\/post"}],"author":[{"embeddable":true,"href":"https:\/\/delegacionelnpaz.org\/index.php?rest_route=\/wp\/v2\/users\/3"}],"replies":[{"embeddable":true,"href":"https:\/\/delegacionelnpaz.org\/index.php?rest_route=%2Fwp%2Fv2%2Fcomments&post=573"}],"version-history":[{"count":1,"href":"https:\/\/delegacionelnpaz.org\/index.php?rest_route=\/wp\/v2\/posts\/573\/revisions"}],"predecessor-version":[{"id":576,"href":"https:\/\/delegacionelnpaz.org\/index.php?rest_route=\/wp\/v2\/posts\/573\/revisions\/576"}],"wp:featuredmedia":[{"embeddable":true,"href":"https:\/\/delegacionelnpaz.org\/index.php?rest_route=\/wp\/v2\/media\/575"}],"wp:attachment":[{"href":"https:\/\/delegacionelnpaz.org\/index.php?rest_route=%2Fwp%2Fv2%2Fmedia&parent=573"}],"wp:term":[{"taxonomy":"category","embeddable":true,"href":"https:\/\/delegacionelnpaz.org\/index.php?rest_route=%2Fwp%2Fv2%2Fcategories&post=573"},{"taxonomy":"post_tag","embeddable":true,"href":"https:\/\/delegacionelnpaz.org\/index.php?rest_route=%2Fwp%2Fv2%2Ftags&post=573"}],"curies":[{"name":"wp","href":"https:\/\/api.w.org\/{rel}","templated":true}]}}