{"id":607,"date":"2023-08-31T22:19:17","date_gmt":"2023-08-31T22:19:17","guid":{"rendered":"https:\/\/delegacionelnpaz.org\/?p=607"},"modified":"2023-09-04T16:48:21","modified_gmt":"2023-09-04T16:48:21","slug":"comunicadoconjunto17","status":"publish","type":"post","link":"https:\/\/delegacionelnpaz.org\/?p=607","title":{"rendered":"Visita de Jorge Iv\u00e1n Gonz\u00e1lez, director del Departamento Nacional de Planeaci\u00f3n"},"content":{"rendered":"<p style=\"text-align: center;\">MESA DE DI\u00c1LOGOS DE PAZ | GOBIERNO DE COLOMBIA Y EJ\u00c9RCITO DE LIBERACI\u00d3N NACIONAL &#8211; ELN<\/p>\n<p style=\"text-align: center;\">COMUNICADO CONJUNTO N\u00ba17<\/p>\n<hr \/>\n<p style=\"text-align: center;\">31 de agosto de 2023<\/p>\n<p>&nbsp;<\/p>\n<p align=\"justify\">En el d\u00eda de hoy, las delegaciones del Gobierno nacional y del Ej\u00e9rcito de Liberaci\u00f3n Nacional &#8211; ELN recibieron la visita de Jorge Iv\u00e1n Gonz\u00e1lez, director del Departamento Nacional de Planeaci\u00f3n, y del subdirector general de prospectiva y desarrollo nacional, Juan Miguel Gallego.<\/p>\n<p align=\"justify\">En esta reuni\u00f3n de la Mesa de Di\u00e1logos de Paz, los invitados anunciaron la plena disposici\u00f3n del Departamento Nacional de Planeaci\u00f3n de acompa\u00f1ar, con su capacidad t\u00e9cnica, con la informaci\u00f3n de la que dispone y con sus instrumentos de planificaci\u00f3n, los proyectos, acuerdos y transformaciones que se vayan adoptando en el proceso de paz. Asimismo, ofrecieron la posibilidad de que sus equipos contribuyan a la caracterizaci\u00f3n de territorios, regiones y subregiones.<\/p>\n<p align=\"justify\">Para este fin, explicaron en detalle el Plan Nacional de Desarrollo y presentaron la forma en la que \u00e9ste se construy\u00f3. La Mesa de Di\u00e1logos convino que en el quinto ciclo de di\u00e1logos presentar\u00e1 al Departamento de Planeaci\u00f3n Nacional su visi\u00f3n y propuesta sobre estos temas.<\/p>\n<p align=\"justify\">Caracas, Rep\u00fablica Bolivariana Venezuela, 31 de agosto de 2023.<\/p>\n","protected":false},"excerpt":{"rendered":"<p>MESA DE DI\u00c1LOGOS DE PAZ | GOBIERNO DE COLOMBIA Y EJ\u00c9RCITO DE LIBERACI\u00d3N NACIONAL &#8211; ELN COMUNICADO CONJUNTO N\u00ba17 31 de agosto de 2023 &nbsp; En el d\u00eda de hoy,&#8230;<\/p>\n","protected":false},"author":6,"featured_media":608,"comment_status":"closed","ping_status":"closed","sticky":false,"template":"","format":"standard","meta":{"footnotes":""},"categories":[10],"tags":[54,18,12,24,13,39],"class_list":{"0":"post-607","1":"post","2":"type-post","3":"status-publish","4":"format-standard","5":"has-post-thumbnail","7":"category-comunicados-conjuntos","8":"tag-ciclo","9":"tag-colombia","10":"tag-comunicado","11":"tag-delegacion-eln","12":"tag-eln","13":"tag-mesa-de-dialogos"},"yoast_head":"<!-- This site is optimized with the Yoast SEO plugin v23.6 - https:\/\/yoast.com\/wordpress\/plugins\/seo\/ -->\n<title>Visita de Jorge Iv\u00e1n Gonz\u00e1lez, director del Departamento Nacional de Planeaci\u00f3n - Delegaci\u00f3n de di\u00e1logos ELN PAZ<\/title>\n<meta name=\"robots\" content=\"index, follow, max-snippet:-1, max-image-preview:large, max-video-preview:-1\" \/>\n<link rel=\"canonical\" href=\"https:\/\/delegacionelnpaz.org\/?p=607\" \/>\n<meta property=\"og:locale\" content=\"es_ES\" \/>\n<meta property=\"og:type\" content=\"article\" \/>\n<meta property=\"og:title\" content=\"Visita de Jorge Iv\u00e1n Gonz\u00e1lez, director del Departamento Nacional de Planeaci\u00f3n - Delegaci\u00f3n de di\u00e1logos ELN PAZ\" \/>\n<meta property=\"og:description\" content=\"MESA DE DI\u00c1LOGOS DE PAZ | GOBIERNO DE COLOMBIA Y EJ\u00c9RCITO DE LIBERACI\u00d3N NACIONAL &#8211; ELN COMUNICADO CONJUNTO N\u00ba17 31 de agosto de 2023 &nbsp; En el d\u00eda de hoy,...\" \/>\n<meta property=\"og:url\" content=\"https:\/\/delegacionelnpaz.org\/?p=607\" \/>\n<meta property=\"og:site_name\" content=\"Delegaci\u00f3n de di\u00e1logos ELN PAZ\" \/>\n<meta property=\"article:published_time\" content=\"2023-08-31T22:19:17+00:00\" \/>\n<meta property=\"article:modified_time\" content=\"2023-09-04T16:48:21+00:00\" \/>\n<meta property=\"og:image\" content=\"https:\/\/delegacionelnpaz.org\/wp-content\/uploads\/2023\/08\/photo16935095751.jpeg\" \/>\n\t<meta property=\"og:image:width\" content=\"1280\" \/>\n\t<meta property=\"og:image:height\" content=\"576\" \/>\n\t<meta property=\"og:image:type\" content=\"image\/jpeg\" \/>\n<meta name=\"author\" content=\"Edwin\" \/>\n<meta name=\"twitter:card\" content=\"summary_large_image\" \/>\n<meta name=\"twitter:label1\" content=\"Escrito por\" \/>\n\t<meta name=\"twitter:data1\" content=\"Edwin\" \/>\n\t<meta name=\"twitter:label2\" content=\"Tiempo de lectura\" \/>\n\t<meta name=\"twitter:data2\" content=\"1 minuto\" \/>\n<script type=\"application\/ld+json\" class=\"yoast-schema-graph\">{\"@context\":\"https:\/\/schema.org\",\"@graph\":[{\"@type\":\"WebPage\",\"@id\":\"https:\/\/delegacionelnpaz.org\/?p=607\",\"url\":\"https:\/\/delegacionelnpaz.org\/?p=607\",\"name\":\"Visita de Jorge Iv\u00e1n Gonz\u00e1lez, director del Departamento Nacional de Planeaci\u00f3n - Delegaci\u00f3n de di\u00e1logos ELN PAZ\",\"isPartOf\":{\"@id\":\"https:\/\/delegacionelnpaz.org\/#website\"},\"primaryImageOfPage\":{\"@id\":\"https:\/\/delegacionelnpaz.org\/?p=607#primaryimage\"},\"image\":{\"@id\":\"https:\/\/delegacionelnpaz.org\/?p=607#primaryimage\"},\"thumbnailUrl\":\"https:\/\/delegacionelnpaz.org\/wp-content\/uploads\/2023\/08\/photo16935095751.jpeg\",\"datePublished\":\"2023-08-31T22:19:17+00:00\",\"dateModified\":\"2023-09-04T16:48:21+00:00\",\"author\":{\"@id\":\"https:\/\/delegacionelnpaz.org\/#\/schema\/person\/f8e01983df8d870bed769af7e9b61e00\"},\"breadcrumb\":{\"@id\":\"https:\/\/delegacionelnpaz.org\/?p=607#breadcrumb\"},\"inLanguage\":\"es\",\"potentialAction\":[{\"@type\":\"ReadAction\",\"target\":[\"https:\/\/delegacionelnpaz.org\/?p=607\"]}]},{\"@type\":\"ImageObject\",\"inLanguage\":\"es\",\"@id\":\"https:\/\/delegacionelnpaz.org\/?p=607#primaryimage\",\"url\":\"https:\/\/delegacionelnpaz.org\/wp-content\/uploads\/2023\/08\/photo16935095751.jpeg\",\"contentUrl\":\"https:\/\/delegacionelnpaz.org\/wp-content\/uploads\/2023\/08\/photo16935095751.jpeg\",\"width\":1280,\"height\":576},{\"@type\":\"BreadcrumbList\",\"@id\":\"https:\/\/delegacionelnpaz.org\/?p=607#breadcrumb\",\"itemListElement\":[{\"@type\":\"ListItem\",\"position\":1,\"name\":\"Portada\",\"item\":\"https:\/\/delegacionelnpaz.org\/\"},{\"@type\":\"ListItem\",\"position\":2,\"name\":\"Visita de Jorge Iv\u00e1n Gonz\u00e1lez, director del Departamento Nacional de Planeaci\u00f3n\"}]},{\"@type\":\"WebSite\",\"@id\":\"https:\/\/delegacionelnpaz.org\/#website\",\"url\":\"https:\/\/delegacionelnpaz.org\/\",\"name\":\"Delegaci\u00f3n de di\u00e1logos ELN PAZ\",\"description\":\"ELN PAZ\",\"potentialAction\":[{\"@type\":\"SearchAction\",\"target\":{\"@type\":\"EntryPoint\",\"urlTemplate\":\"https:\/\/delegacionelnpaz.org\/?s={search_term_string}\"},\"query-input\":{\"@type\":\"PropertyValueSpecification\",\"valueRequired\":true,\"valueName\":\"search_term_string\"}}],\"inLanguage\":\"es\"},{\"@type\":\"Person\",\"@id\":\"https:\/\/delegacionelnpaz.org\/#\/schema\/person\/f8e01983df8d870bed769af7e9b61e00\",\"name\":\"Edwin\",\"url\":\"https:\/\/delegacionelnpaz.org\/?author=6\"}]}<\/script>\n<!-- \/ Yoast SEO plugin. -->","yoast_head_json":{"title":"Visita de Jorge Iv\u00e1n Gonz\u00e1lez, director del Departamento Nacional de Planeaci\u00f3n - Delegaci\u00f3n de di\u00e1logos ELN PAZ","robots":{"index":"index","follow":"follow","max-snippet":"max-snippet:-1","max-image-preview":"max-image-preview:large","max-video-preview":"max-video-preview:-1"},"canonical":"https:\/\/delegacionelnpaz.org\/?p=607","og_locale":"es_ES","og_type":"article","og_title":"Visita de Jorge Iv\u00e1n Gonz\u00e1lez, director del Departamento Nacional de Planeaci\u00f3n - Delegaci\u00f3n de di\u00e1logos ELN PAZ","og_description":"MESA DE DI\u00c1LOGOS DE PAZ | GOBIERNO DE COLOMBIA Y EJ\u00c9RCITO DE LIBERACI\u00d3N NACIONAL &#8211; ELN COMUNICADO CONJUNTO N\u00ba17 31 de agosto de 2023 &nbsp; En el d\u00eda de hoy,...","og_url":"https:\/\/delegacionelnpaz.org\/?p=607","og_site_name":"Delegaci\u00f3n de di\u00e1logos ELN PAZ","article_published_time":"2023-08-31T22:19:17+00:00","article_modified_time":"2023-09-04T16:48:21+00:00","og_image":[{"width":1280,"height":576,"url":"https:\/\/delegacionelnpaz.org\/wp-content\/uploads\/2023\/08\/photo16935095751.jpeg","type":"image\/jpeg"}],"author":"Edwin","twitter_card":"summary_large_image","twitter_misc":{"Escrito por":"Edwin","Tiempo de lectura":"1 minuto"},"schema":{"@context":"https:\/\/schema.org","@graph":[{"@type":"WebPage","@id":"https:\/\/delegacionelnpaz.org\/?p=607","url":"https:\/\/delegacionelnpaz.org\/?p=607","name":"Visita de Jorge Iv\u00e1n Gonz\u00e1lez, director del Departamento Nacional de Planeaci\u00f3n - Delegaci\u00f3n de di\u00e1logos ELN PAZ","isPartOf":{"@id":"https:\/\/delegacionelnpaz.org\/#website"},"primaryImageOfPage":{"@id":"https:\/\/delegacionelnpaz.org\/?p=607#primaryimage"},"image":{"@id":"https:\/\/delegacionelnpaz.org\/?p=607#primaryimage"},"thumbnailUrl":"https:\/\/delegacionelnpaz.org\/wp-content\/uploads\/2023\/08\/photo16935095751.jpeg","datePublished":"2023-08-31T22:19:17+00:00","dateModified":"2023-09-04T16:48:21+00:00","author":{"@id":"https:\/\/delegacionelnpaz.org\/#\/schema\/person\/f8e01983df8d870bed769af7e9b61e00"},"breadcrumb":{"@id":"https:\/\/delegacionelnpaz.org\/?p=607#breadcrumb"},"inLanguage":"es","potentialAction":[{"@type":"ReadAction","target":["https:\/\/delegacionelnpaz.org\/?p=607"]}]},{"@type":"ImageObject","inLanguage":"es","@id":"https:\/\/delegacionelnpaz.org\/?p=607#primaryimage","url":"https:\/\/delegacionelnpaz.org\/wp-content\/uploads\/2023\/08\/photo16935095751.jpeg","contentUrl":"https:\/\/delegacionelnpaz.org\/wp-content\/uploads\/2023\/08\/photo16935095751.jpeg","width":1280,"height":576},{"@type":"BreadcrumbList","@id":"https:\/\/delegacionelnpaz.org\/?p=607#breadcrumb","itemListElement":[{"@type":"ListItem","position":1,"name":"Portada","item":"https:\/\/delegacionelnpaz.org\/"},{"@type":"ListItem","position":2,"name":"Visita de Jorge Iv\u00e1n Gonz\u00e1lez, director del Departamento Nacional de Planeaci\u00f3n"}]},{"@type":"WebSite","@id":"https:\/\/delegacionelnpaz.org\/#website","url":"https:\/\/delegacionelnpaz.org\/","name":"Delegaci\u00f3n de di\u00e1logos ELN PAZ","description":"ELN PAZ","potentialAction":[{"@type":"SearchAction","target":{"@type":"EntryPoint","urlTemplate":"https:\/\/delegacionelnpaz.org\/?s={search_term_string}"},"query-input":{"@type":"PropertyValueSpecification","valueRequired":true,"valueName":"search_term_string"}}],"inLanguage":"es"},{"@type":"Person","@id":"https:\/\/delegacionelnpaz.org\/#\/schema\/person\/f8e01983df8d870bed769af7e9b61e00","name":"Edwin","url":"https:\/\/delegacionelnpaz.org\/?author=6"}]}},"_links":{"self":[{"href":"https:\/\/delegacionelnpaz.org\/index.php?rest_route=\/wp\/v2\/posts\/607","targetHints":{"allow":["GET"]}}],"collection":[{"href":"https:\/\/delegacionelnpaz.org\/index.php?rest_route=\/wp\/v2\/posts"}],"about":[{"href":"https:\/\/delegacionelnpaz.org\/index.php?rest_route=\/wp\/v2\/types\/post"}],"author":[{"embeddable":true,"href":"https:\/\/delegacionelnpaz.org\/index.php?rest_route=\/wp\/v2\/users\/6"}],"replies":[{"embeddable":true,"href":"https:\/\/delegacionelnpaz.org\/index.php?rest_route=%2Fwp%2Fv2%2Fcomments&post=607"}],"version-history":[{"count":3,"href":"https:\/\/delegacionelnpaz.org\/index.php?rest_route=\/wp\/v2\/posts\/607\/revisions"}],"predecessor-version":[{"id":620,"href":"https:\/\/delegacionelnpaz.org\/index.php?rest_route=\/wp\/v2\/posts\/607\/revisions\/620"}],"wp:featuredmedia":[{"embeddable":true,"href":"https:\/\/delegacionelnpaz.org\/index.php?rest_route=\/wp\/v2\/media\/608"}],"wp:attachment":[{"href":"https:\/\/delegacionelnpaz.org\/index.php?rest_route=%2Fwp%2Fv2%2Fmedia&parent=607"}],"wp:term":[{"taxonomy":"category","embeddable":true,"href":"https:\/\/delegacionelnpaz.org\/index.php?rest_route=%2Fwp%2Fv2%2Fcategories&post=607"},{"taxonomy":"post_tag","embeddable":true,"href":"https:\/\/delegacionelnpaz.org\/index.php?rest_route=%2Fwp%2Fv2%2Ftags&post=607"}],"curies":[{"name":"wp","href":"https:\/\/api.w.org\/{rel}","templated":true}]}}