{"id":614,"date":"2023-09-04T16:47:22","date_gmt":"2023-09-04T16:47:22","guid":{"rendered":"https:\/\/delegacionelnpaz.org\/?p=614"},"modified":"2023-09-04T16:47:57","modified_gmt":"2023-09-04T16:47:57","slug":"el-iv-ciclo-de-la-mesa-de-dialogos-de-para-la-paz-concluye-con-los-acuerdos-de-caracas","status":"publish","type":"post","link":"https:\/\/delegacionelnpaz.org\/?p=614","title":{"rendered":"El IV Ciclo de la Mesa de Di\u00e1logos de para la Paz concluye con los &#8216;Acuerdos de Caracas&#8217;"},"content":{"rendered":"[vc_row type=\u00bbin_container\u00bb full_screen_row_position=\u00bbmiddle\u00bb column_margin=\u00bbdefault\u00bb column_direction=\u00bbdefault\u00bb column_direction_tablet=\u00bbdefault\u00bb column_direction_phone=\u00bbdefault\u00bb scene_position=\u00bbcenter\u00bb text_color=\u00bbdark\u00bb text_align=\u00bbleft\u00bb row_border_radius=\u00bbnone\u00bb row_border_radius_applies=\u00bbbg\u00bb overflow=\u00bbvisible\u00bb overlay_strength=\u00bb0.3&#8243; gradient_direction=\u00bbleft_to_right\u00bb shape_divider_position=\u00bbbottom\u00bb bg_image_animation=\u00bbnone\u00bb][vc_column column_padding=\u00bbno-extra-padding\u00bb column_padding_tablet=\u00bbinherit\u00bb column_padding_phone=\u00bbinherit\u00bb column_padding_position=\u00bball\u00bb column_element_direction_desktop=\u00bbdefault\u00bb column_element_spacing=\u00bbdefault\u00bb desktop_text_alignment=\u00bbdefault\u00bb tablet_text_alignment=\u00bbdefault\u00bb phone_text_alignment=\u00bbdefault\u00bb background_color_opacity=\u00bb1&#8243; background_hover_color_opacity=\u00bb1&#8243; column_backdrop_filter=\u00bbnone\u00bb column_shadow=\u00bbnone\u00bb column_border_radius=\u00bbnone\u00bb column_link_target=\u00bb_self\u00bb column_position=\u00bbdefault\u00bb gradient_direction=\u00bbleft_to_right\u00bb overlay_strength=\u00bb0.3&#8243; width=\u00bb1\/1&#8243; tablet_width_inherit=\u00bbdefault\u00bb animation_type=\u00bbdefault\u00bb bg_image_animation=\u00bbnone\u00bb border_type=\u00bbsimple\u00bb column_border_width=\u00bbnone\u00bb column_border_style=\u00bbsolid\u00bb][vc_column_text]\n<p style=\"text-align: center;\">MESA DE DI\u00c1LOGOS DE PAZ | GOBIERNO DE COLOMBIA Y EJ\u00c9RCITO DE LIBERACI\u00d3N NACIONAL &#8211; ELN<\/p>\n<p style=\"text-align: center;\">COMUNICADO CONJUNTO N\u00ba18<\/p>\n<hr \/>\n<p style=\"text-align: center;\">4 de septiembre de 2023<\/p>\n<p>&nbsp;<\/p>\n<h3><strong>El IV Ciclo de la Mesa de Di\u00e1logos de para la Paz concluye con los &#8216;Acuerdos de Caracas&#8217;<\/strong><\/h3>\n<p>Las delegaciones del Gobierno de la Rep\u00fablica de Colombia y del Ej\u00e9rcito de Liberaci\u00f3n Nacional \u2013 ELN, se permiten informar que hemos pactado:<\/p>\n<p>&nbsp;<\/p>\n<p><strong>PRIMER ACUERDO DE CARACAS<\/strong><\/p>\n<p>Marco Pol\u00edtico y Conceptual para la realizaci\u00f3n de acciones y din\u00e1micas humanitarias, que establece los principios y enfoques con los que esperamos que el cese cumpla su prop\u00f3sito humanitario.<\/p>\n<p><strong>SEGUNDO ACUERDO DE CARACAS<\/strong><\/p>\n<p>Zonas cr\u00edticas para acciones y din\u00e1micas humanitarias. Declaraci\u00f3n del Bajo Calima y San Juan como zona cr\u00edtica y avance en el Bajo Cauca, nordeste antioque\u00f1o y sur de Bol\u00edvar, para su declaraci\u00f3n como zona cr\u00edtica. All\u00ed se adelantar\u00e1n acciones y din\u00e1micas humanitarias, garant\u00edas para el cumplimiento del cese al fuego bilateral, nacional y temporal, la participaci\u00f3n de las comunidades en el proceso de paz y proyectos de desarrollo social, que contar\u00e1n con el acompa\u00f1amiento del Departamento Nacional de Planeaci\u00f3n. La Mesa estar\u00e1 atenta a iniciativas de las comunidades para estudiar la declaraci\u00f3n de otras zonas cr\u00edticas.<\/p>\n<p><strong>ACUERDO PARCIAL<\/strong><\/p>\n<p>Desarrollo de mecanismos concretos para atender a los presos pol\u00edticos y personas privadas de la libertad reconocidas como integrantes del ELN recluidos en prisiones y centros de detenci\u00f3n del pa\u00eds. Las prisiones y centros de detenci\u00f3n en Colombia ser\u00e1n considerados como zonas cr\u00edticas.<\/p>\n<p><strong>Adem\u00e1s, informamos las siguientes actividades:<\/strong><\/p>\n<ol>\n<li>Contin\u00faa la fase de dise\u00f1o de la participaci\u00f3n de la sociedad en el proceso de paz, con la consolidaci\u00f3n del Comit\u00e9 Nacional de la Participaci\u00f3n (CNP), a trav\u00e9s de la conformaci\u00f3n de cinco comisiones que preparan actualmente 25 procesos nacionales y regionales que permitir\u00e1n confeccionar el plan nacional de participaci\u00f3n. Se desarrollar\u00e1 la tercera sesi\u00f3n plenaria del CNP los d\u00edas 9 y 10 de septiembre de 2023.<\/li>\n<li>Recibimos el primer informe mensual de gesti\u00f3n del Mecanismo de Monitoreo y Verificaci\u00f3n (MMV) sobre el Cese al Fuego Bilateral Nacional Temporal (CFBNT), en el que se destaca la puesta en marcha de su instancia nacional y de siete instancias regionales. El MMV avanz\u00f3 en la elaboraci\u00f3n y aprobaci\u00f3n del Procedimiento Operativo Normal (PON) y realiz\u00f3 un llamado a autoridades \u00e9tnicas, organizaciones sociales y de derechos humanos a participar como veedores sociales en el marco del cese al fuego.<\/li>\n<li>Hemos acordado la suscripci\u00f3n de una carta de intenci\u00f3n con el Sistema de Medios P\u00fablicos de Colombia (RTVC) SE\u00d1AL COLOMBIA para difundir los avances del proceso de paz.<\/li>\n<li>En las pr\u00f3ximas semanas las delegaciones se trasladar\u00e1n a los territorios para desarrollar actividades concernientes al cese al fuego bilateral, la participaci\u00f3n de la sociedad en el proceso de paz, y el desarrollo de la pedagog\u00eda social de todos estos asuntos. Actividades que esperamos ayuden a crear un clima positivo para las elecciones locales del 29 de octubre.<\/li>\n<li>Agradecemos al pueblo y al gobierno de la Rep\u00fablica Bolivariana de Venezuela por acoger las labores de la Mesa de Di\u00e1logos para la Paz durante estas semanas, as\u00ed como la presencia de los pa\u00edses garantes, de los acompa\u00f1antes permanentes y del Grupo de pa\u00edses de Apoyo, Acompa\u00f1amiento y Cooperaci\u00f3n (GPAAC).<\/li>\n<\/ol>\n<p>&nbsp;<\/p>\n<p>Caracas, Rep\u00fablica Bolivariana Venezuela, 4 de septiembre de 2023.[\/vc_column_text][\/vc_column][\/vc_row][vc_row type=\u00bbin_container\u00bb full_screen_row_position=\u00bbmiddle\u00bb column_margin=\u00bbdefault\u00bb column_direction=\u00bbdefault\u00bb column_direction_tablet=\u00bbdefault\u00bb column_direction_phone=\u00bbdefault\u00bb scene_position=\u00bbcenter\u00bb text_color=\u00bbdark\u00bb text_align=\u00bbleft\u00bb row_border_radius=\u00bbnone\u00bb row_border_radius_applies=\u00bbbg\u00bb overflow=\u00bbvisible\u00bb overlay_strength=\u00bb0.3&#8243; gradient_direction=\u00bbleft_to_right\u00bb shape_divider_position=\u00bbbottom\u00bb bg_image_animation=\u00bbnone\u00bb][vc_column column_padding=\u00bbno-extra-padding\u00bb column_padding_tablet=\u00bbinherit\u00bb column_padding_phone=\u00bbinherit\u00bb column_padding_position=\u00bball\u00bb column_element_direction_desktop=\u00bbdefault\u00bb column_element_spacing=\u00bbdefault\u00bb desktop_text_alignment=\u00bbdefault\u00bb tablet_text_alignment=\u00bbdefault\u00bb phone_text_alignment=\u00bbdefault\u00bb background_color_opacity=\u00bb1&#8243; background_hover_color_opacity=\u00bb1&#8243; column_backdrop_filter=\u00bbnone\u00bb column_shadow=\u00bbnone\u00bb column_border_radius=\u00bbnone\u00bb column_link_target=\u00bb_self\u00bb column_position=\u00bbdefault\u00bb gradient_direction=\u00bbleft_to_right\u00bb overlay_strength=\u00bb0.3&#8243; width=\u00bb1\/1&#8243; tablet_width_inherit=\u00bbdefault\u00bb animation_type=\u00bbdefault\u00bb bg_image_animation=\u00bbnone\u00bb border_type=\u00bbsimple\u00bb column_border_width=\u00bbnone\u00bb column_border_style=\u00bbsolid\u00bb][nectar_btn size=\u00bbmedium\u00bb open_new_tab=\u00bbtrue\u00bb button_style=\u00bbregular\u00bb button_color_2=\u00bbAccent-Color\u00bb icon_family=\u00bbnone\u00bb text=\u00bbDescargar el Comunicado conjunto #18&#8243; url=\u00bbhttps:\/\/delegacionelnpaz.org\/wp-content\/uploads\/2023\/09\/20230904-Comunicado-Conjunto-Nro.-18-Cierre-Venezuela.pdf\u00bb][\/vc_column][\/vc_row]\n","protected":false},"excerpt":{"rendered":"<p>[vc_row type=\u00bbin_container\u00bb full_screen_row_position=\u00bbmiddle\u00bb column_margin=\u00bbdefault\u00bb column_direction=\u00bbdefault\u00bb column_direction_tablet=\u00bbdefault\u00bb column_direction_phone=\u00bbdefault\u00bb scene_position=\u00bbcenter\u00bb text_color=\u00bbdark\u00bb text_align=\u00bbleft\u00bb row_border_radius=\u00bbnone\u00bb row_border_radius_applies=\u00bbbg\u00bb overflow=\u00bbvisible\u00bb overlay_strength=\u00bb0.3&#8243; gradient_direction=\u00bbleft_to_right\u00bb shape_divider_position=\u00bbbottom\u00bb bg_image_animation=\u00bbnone\u00bb][vc_column column_padding=\u00bbno-extra-padding\u00bb column_padding_tablet=\u00bbinherit\u00bb column_padding_phone=\u00bbinherit\u00bb column_padding_position=\u00bball\u00bb column_element_direction_desktop=\u00bbdefault\u00bb column_element_spacing=\u00bbdefault\u00bb desktop_text_alignment=\u00bbdefault\u00bb tablet_text_alignment=\u00bbdefault\u00bb phone_text_alignment=\u00bbdefault\u00bb background_color_opacity=\u00bb1&#8243; background_hover_color_opacity=\u00bb1&#8243; column_backdrop_filter=\u00bbnone\u00bb column_shadow=\u00bbnone\u00bb&#8230;<\/p>\n","protected":false},"author":3,"featured_media":0,"comment_status":"closed","ping_status":"closed","sticky":false,"template":"","format":"standard","meta":{"footnotes":""},"categories":[10],"tags":[74,6,18,13,52,23],"class_list":{"0":"post-614","1":"post","2":"type-post","3":"status-publish","4":"format-standard","6":"category-comunicados-conjuntos","7":"tag-acuerdos-de-caracas","8":"tag-caracas","9":"tag-colombia","10":"tag-eln","11":"tag-iv-ciclo","12":"tag-paz"},"yoast_head":"<!-- This site is optimized with the Yoast SEO plugin v23.6 - https:\/\/yoast.com\/wordpress\/plugins\/seo\/ -->\n<title>El IV Ciclo de la Mesa de Di\u00e1logos de para la Paz concluye con los &#039;Acuerdos de Caracas&#039; - Delegaci\u00f3n de di\u00e1logos ELN PAZ<\/title>\n<meta name=\"robots\" content=\"index, follow, max-snippet:-1, max-image-preview:large, max-video-preview:-1\" \/>\n<link rel=\"canonical\" href=\"https:\/\/delegacionelnpaz.org\/?p=614\" \/>\n<meta property=\"og:locale\" content=\"es_ES\" \/>\n<meta property=\"og:type\" content=\"article\" \/>\n<meta property=\"og:title\" content=\"El IV Ciclo de la Mesa de Di\u00e1logos de para la Paz concluye con los &#039;Acuerdos de Caracas&#039; - Delegaci\u00f3n de di\u00e1logos ELN PAZ\" \/>\n<meta property=\"og:description\" content=\"[vc_row type=\u00bbin_container\u00bb full_screen_row_position=\u00bbmiddle\u00bb column_margin=\u00bbdefault\u00bb column_direction=\u00bbdefault\u00bb column_direction_tablet=\u00bbdefault\u00bb column_direction_phone=\u00bbdefault\u00bb scene_position=\u00bbcenter\u00bb text_color=\u00bbdark\u00bb text_align=\u00bbleft\u00bb row_border_radius=\u00bbnone\u00bb row_border_radius_applies=\u00bbbg\u00bb overflow=\u00bbvisible\u00bb overlay_strength=\u00bb0.3&#8243; gradient_direction=\u00bbleft_to_right\u00bb shape_divider_position=\u00bbbottom\u00bb bg_image_animation=\u00bbnone\u00bb][vc_column column_padding=\u00bbno-extra-padding\u00bb column_padding_tablet=\u00bbinherit\u00bb column_padding_phone=\u00bbinherit\u00bb column_padding_position=\u00bball\u00bb column_element_direction_desktop=\u00bbdefault\u00bb column_element_spacing=\u00bbdefault\u00bb desktop_text_alignment=\u00bbdefault\u00bb tablet_text_alignment=\u00bbdefault\u00bb phone_text_alignment=\u00bbdefault\u00bb background_color_opacity=\u00bb1&#8243; background_hover_color_opacity=\u00bb1&#8243; column_backdrop_filter=\u00bbnone\u00bb column_shadow=\u00bbnone\u00bb...\" \/>\n<meta property=\"og:url\" content=\"https:\/\/delegacionelnpaz.org\/?p=614\" \/>\n<meta property=\"og:site_name\" content=\"Delegaci\u00f3n de di\u00e1logos ELN PAZ\" \/>\n<meta property=\"article:published_time\" content=\"2023-09-04T16:47:22+00:00\" \/>\n<meta property=\"article:modified_time\" content=\"2023-09-04T16:47:57+00:00\" \/>\n<meta name=\"author\" content=\"paco G\u00f3mez\" \/>\n<meta name=\"twitter:card\" content=\"summary_large_image\" \/>\n<meta name=\"twitter:label1\" content=\"Escrito por\" \/>\n\t<meta name=\"twitter:data1\" content=\"paco G\u00f3mez\" \/>\n\t<meta name=\"twitter:label2\" content=\"Tiempo de lectura\" \/>\n\t<meta name=\"twitter:data2\" content=\"3 minutos\" \/>\n<script type=\"application\/ld+json\" class=\"yoast-schema-graph\">{\"@context\":\"https:\/\/schema.org\",\"@graph\":[{\"@type\":\"WebPage\",\"@id\":\"https:\/\/delegacionelnpaz.org\/?p=614\",\"url\":\"https:\/\/delegacionelnpaz.org\/?p=614\",\"name\":\"El IV Ciclo de la Mesa de Di\u00e1logos de para la Paz concluye con los 'Acuerdos de Caracas' - Delegaci\u00f3n de di\u00e1logos ELN PAZ\",\"isPartOf\":{\"@id\":\"https:\/\/delegacionelnpaz.org\/#website\"},\"datePublished\":\"2023-09-04T16:47:22+00:00\",\"dateModified\":\"2023-09-04T16:47:57+00:00\",\"author\":{\"@id\":\"https:\/\/delegacionelnpaz.org\/#\/schema\/person\/5e729aec24df5acb58a0754d5a79cbfe\"},\"breadcrumb\":{\"@id\":\"https:\/\/delegacionelnpaz.org\/?p=614#breadcrumb\"},\"inLanguage\":\"es\",\"potentialAction\":[{\"@type\":\"ReadAction\",\"target\":[\"https:\/\/delegacionelnpaz.org\/?p=614\"]}]},{\"@type\":\"BreadcrumbList\",\"@id\":\"https:\/\/delegacionelnpaz.org\/?p=614#breadcrumb\",\"itemListElement\":[{\"@type\":\"ListItem\",\"position\":1,\"name\":\"Portada\",\"item\":\"https:\/\/delegacionelnpaz.org\/\"},{\"@type\":\"ListItem\",\"position\":2,\"name\":\"El IV Ciclo de la Mesa de Di\u00e1logos de para la Paz concluye con los &#8216;Acuerdos de Caracas&#8217;\"}]},{\"@type\":\"WebSite\",\"@id\":\"https:\/\/delegacionelnpaz.org\/#website\",\"url\":\"https:\/\/delegacionelnpaz.org\/\",\"name\":\"Delegaci\u00f3n de di\u00e1logos ELN PAZ\",\"description\":\"ELN PAZ\",\"potentialAction\":[{\"@type\":\"SearchAction\",\"target\":{\"@type\":\"EntryPoint\",\"urlTemplate\":\"https:\/\/delegacionelnpaz.org\/?s={search_term_string}\"},\"query-input\":{\"@type\":\"PropertyValueSpecification\",\"valueRequired\":true,\"valueName\":\"search_term_string\"}}],\"inLanguage\":\"es\"},{\"@type\":\"Person\",\"@id\":\"https:\/\/delegacionelnpaz.org\/#\/schema\/person\/5e729aec24df5acb58a0754d5a79cbfe\",\"name\":\"paco G\u00f3mez\",\"url\":\"https:\/\/delegacionelnpaz.org\/?author=3\"}]}<\/script>\n<!-- \/ Yoast SEO plugin. -->","yoast_head_json":{"title":"El IV Ciclo de la Mesa de Di\u00e1logos de para la Paz concluye con los 'Acuerdos de Caracas' - Delegaci\u00f3n de di\u00e1logos ELN PAZ","robots":{"index":"index","follow":"follow","max-snippet":"max-snippet:-1","max-image-preview":"max-image-preview:large","max-video-preview":"max-video-preview:-1"},"canonical":"https:\/\/delegacionelnpaz.org\/?p=614","og_locale":"es_ES","og_type":"article","og_title":"El IV Ciclo de la Mesa de Di\u00e1logos de para la Paz concluye con los 'Acuerdos de Caracas' - Delegaci\u00f3n de di\u00e1logos ELN PAZ","og_description":"[vc_row type=\u00bbin_container\u00bb full_screen_row_position=\u00bbmiddle\u00bb column_margin=\u00bbdefault\u00bb column_direction=\u00bbdefault\u00bb column_direction_tablet=\u00bbdefault\u00bb column_direction_phone=\u00bbdefault\u00bb scene_position=\u00bbcenter\u00bb text_color=\u00bbdark\u00bb text_align=\u00bbleft\u00bb row_border_radius=\u00bbnone\u00bb row_border_radius_applies=\u00bbbg\u00bb overflow=\u00bbvisible\u00bb overlay_strength=\u00bb0.3&#8243; gradient_direction=\u00bbleft_to_right\u00bb shape_divider_position=\u00bbbottom\u00bb bg_image_animation=\u00bbnone\u00bb][vc_column column_padding=\u00bbno-extra-padding\u00bb column_padding_tablet=\u00bbinherit\u00bb column_padding_phone=\u00bbinherit\u00bb column_padding_position=\u00bball\u00bb column_element_direction_desktop=\u00bbdefault\u00bb column_element_spacing=\u00bbdefault\u00bb desktop_text_alignment=\u00bbdefault\u00bb tablet_text_alignment=\u00bbdefault\u00bb phone_text_alignment=\u00bbdefault\u00bb background_color_opacity=\u00bb1&#8243; background_hover_color_opacity=\u00bb1&#8243; column_backdrop_filter=\u00bbnone\u00bb column_shadow=\u00bbnone\u00bb...","og_url":"https:\/\/delegacionelnpaz.org\/?p=614","og_site_name":"Delegaci\u00f3n de di\u00e1logos ELN PAZ","article_published_time":"2023-09-04T16:47:22+00:00","article_modified_time":"2023-09-04T16:47:57+00:00","author":"paco G\u00f3mez","twitter_card":"summary_large_image","twitter_misc":{"Escrito por":"paco G\u00f3mez","Tiempo de lectura":"3 minutos"},"schema":{"@context":"https:\/\/schema.org","@graph":[{"@type":"WebPage","@id":"https:\/\/delegacionelnpaz.org\/?p=614","url":"https:\/\/delegacionelnpaz.org\/?p=614","name":"El IV Ciclo de la Mesa de Di\u00e1logos de para la Paz concluye con los 'Acuerdos de Caracas' - Delegaci\u00f3n de di\u00e1logos ELN PAZ","isPartOf":{"@id":"https:\/\/delegacionelnpaz.org\/#website"},"datePublished":"2023-09-04T16:47:22+00:00","dateModified":"2023-09-04T16:47:57+00:00","author":{"@id":"https:\/\/delegacionelnpaz.org\/#\/schema\/person\/5e729aec24df5acb58a0754d5a79cbfe"},"breadcrumb":{"@id":"https:\/\/delegacionelnpaz.org\/?p=614#breadcrumb"},"inLanguage":"es","potentialAction":[{"@type":"ReadAction","target":["https:\/\/delegacionelnpaz.org\/?p=614"]}]},{"@type":"BreadcrumbList","@id":"https:\/\/delegacionelnpaz.org\/?p=614#breadcrumb","itemListElement":[{"@type":"ListItem","position":1,"name":"Portada","item":"https:\/\/delegacionelnpaz.org\/"},{"@type":"ListItem","position":2,"name":"El IV Ciclo de la Mesa de Di\u00e1logos de para la Paz concluye con los &#8216;Acuerdos de Caracas&#8217;"}]},{"@type":"WebSite","@id":"https:\/\/delegacionelnpaz.org\/#website","url":"https:\/\/delegacionelnpaz.org\/","name":"Delegaci\u00f3n de di\u00e1logos ELN PAZ","description":"ELN PAZ","potentialAction":[{"@type":"SearchAction","target":{"@type":"EntryPoint","urlTemplate":"https:\/\/delegacionelnpaz.org\/?s={search_term_string}"},"query-input":{"@type":"PropertyValueSpecification","valueRequired":true,"valueName":"search_term_string"}}],"inLanguage":"es"},{"@type":"Person","@id":"https:\/\/delegacionelnpaz.org\/#\/schema\/person\/5e729aec24df5acb58a0754d5a79cbfe","name":"paco G\u00f3mez","url":"https:\/\/delegacionelnpaz.org\/?author=3"}]}},"_links":{"self":[{"href":"https:\/\/delegacionelnpaz.org\/index.php?rest_route=\/wp\/v2\/posts\/614","targetHints":{"allow":["GET"]}}],"collection":[{"href":"https:\/\/delegacionelnpaz.org\/index.php?rest_route=\/wp\/v2\/posts"}],"about":[{"href":"https:\/\/delegacionelnpaz.org\/index.php?rest_route=\/wp\/v2\/types\/post"}],"author":[{"embeddable":true,"href":"https:\/\/delegacionelnpaz.org\/index.php?rest_route=\/wp\/v2\/users\/3"}],"replies":[{"embeddable":true,"href":"https:\/\/delegacionelnpaz.org\/index.php?rest_route=%2Fwp%2Fv2%2Fcomments&post=614"}],"version-history":[{"count":4,"href":"https:\/\/delegacionelnpaz.org\/index.php?rest_route=\/wp\/v2\/posts\/614\/revisions"}],"predecessor-version":[{"id":619,"href":"https:\/\/delegacionelnpaz.org\/index.php?rest_route=\/wp\/v2\/posts\/614\/revisions\/619"}],"wp:attachment":[{"href":"https:\/\/delegacionelnpaz.org\/index.php?rest_route=%2Fwp%2Fv2%2Fmedia&parent=614"}],"wp:term":[{"taxonomy":"category","embeddable":true,"href":"https:\/\/delegacionelnpaz.org\/index.php?rest_route=%2Fwp%2Fv2%2Fcategories&post=614"},{"taxonomy":"post_tag","embeddable":true,"href":"https:\/\/delegacionelnpaz.org\/index.php?rest_route=%2Fwp%2Fv2%2Ftags&post=614"}],"curies":[{"name":"wp","href":"https:\/\/api.w.org\/{rel}","templated":true}]}}