{"id":621,"date":"2023-09-04T19:10:57","date_gmt":"2023-09-04T19:10:57","guid":{"rendered":"https:\/\/delegacionelnpaz.org\/?p=621"},"modified":"2023-09-06T19:11:04","modified_gmt":"2023-09-06T19:11:04","slug":"acuerdo-parcial-sobre-la-evaluacion-juridica-de-la-situacion-de-presos-politicos-y-personas-privadas-de-la-libertad-reconocidas-como-miembros-del-eln-recluidos-en-las-prisiones-y-centros-de-detencion","status":"publish","type":"post","link":"https:\/\/delegacionelnpaz.org\/?p=621","title":{"rendered":"Acuerdo parcial sobre la evaluaci\u00f3n jur\u00eddica de la situaci\u00f3n de presos pol\u00edticos y personas privadas de la libertad reconocidas como miembros del ELN recluidos en las prisiones y centros de detenci\u00f3n del pa\u00eds"},"content":{"rendered":"[vc_row type=\u00bbin_container\u00bb full_screen_row_position=\u00bbmiddle\u00bb column_margin=\u00bbdefault\u00bb column_direction=\u00bbdefault\u00bb column_direction_tablet=\u00bbdefault\u00bb column_direction_phone=\u00bbdefault\u00bb scene_position=\u00bbcenter\u00bb text_color=\u00bbdark\u00bb text_align=\u00bbleft\u00bb row_border_radius=\u00bbnone\u00bb row_border_radius_applies=\u00bbbg\u00bb overflow=\u00bbvisible\u00bb overlay_strength=\u00bb0.3&#8243; gradient_direction=\u00bbleft_to_right\u00bb shape_divider_position=\u00bbbottom\u00bb bg_image_animation=\u00bbnone\u00bb][vc_column column_padding=\u00bbno-extra-padding\u00bb column_padding_tablet=\u00bbinherit\u00bb column_padding_phone=\u00bbinherit\u00bb column_padding_position=\u00bball\u00bb column_element_direction_desktop=\u00bbdefault\u00bb column_element_spacing=\u00bbdefault\u00bb desktop_text_alignment=\u00bbdefault\u00bb tablet_text_alignment=\u00bbdefault\u00bb phone_text_alignment=\u00bbdefault\u00bb background_color_opacity=\u00bb1&#8243; background_hover_color_opacity=\u00bb1&#8243; column_backdrop_filter=\u00bbnone\u00bb column_shadow=\u00bbnone\u00bb column_border_radius=\u00bbnone\u00bb column_link_target=\u00bb_self\u00bb column_position=\u00bbdefault\u00bb gradient_direction=\u00bbleft_to_right\u00bb overlay_strength=\u00bb0.3&#8243; width=\u00bb1\/1&#8243; tablet_width_inherit=\u00bbdefault\u00bb animation_type=\u00bbdefault\u00bb bg_image_animation=\u00bbnone\u00bb border_type=\u00bbsimple\u00bb column_border_width=\u00bbnone\u00bb column_border_style=\u00bbsolid\u00bb][vc_column_text]El Gobierno de la Rep\u00fablica de Colombia y el Ej\u00e9rcito de Liberaci\u00f3n Nacional \u2014 ELN, en el marco del Acuerdo Nro. 3 \u201cAcciones y din\u00e1micas humanitarias\u201d del 23 de noviembre de 2022 y con el objeto de identificar rutas, medios y alternativas jur\u00eddicas para analizar la situaci\u00f3n de derechos de presos pol\u00edticos y personas privadas de la libertad reconocidas como miembros del ELN recluidos en las prisiones y centros de detenci\u00f3n del pa\u00eds, pactamos lo siguiente:<\/p>\n<ol>\n<li>Integrar una Comisi\u00f3n Jur\u00eddica conformada por al menos cuatro (4) asesores jur\u00eddicos, dos por de cada delegaci\u00f3n, que tendr\u00e1 como objetivo identificar rutas, medios y alternativas jur\u00eddicas para abordar los siguientes temas:<\/li>\n<\/ol>\n<p style=\"padding-left: 80px;\">1.1 El inmediato tratamiento diferenciado favorable a presos pol\u00edticos y personas privadas de la libertad reconocidas como miembros del ELN para modificar la asignaci\u00f3n del nivel de seguridad actual que usa el INPEC.<br \/>\n1.2 La redenci\u00f3n o conmutaci\u00f3n del tiempo de labores de la gestor\u00eda de paz a presos pol\u00edticos y personas privadas de la libertad reconocidas como miembros del ELN sancionados o vinculados a procesos penales.<br \/>\n1.3 Traslados por seguridad, acercamiento familiar y procesal a los presos pol\u00edticos y personas privadas de la libertad reconocidas como miembros del ELN, considerando condiciones de reclusi\u00f3n encaminadas a que \u00e9stos puedan estar colectivamente en patios, pasillos o establecimientos carcelarios espec\u00edficos.<\/p>\n<p style=\"padding-left: 40px;\">2. La Comisi\u00f3n Jur\u00eddica ser\u00e1 de car\u00e1cter temporal y debe desarrollar su trabajo a partir de la fecha de inicio de su labor, que se fija para el 8 de septiembre de 2023 en la ciudad de Bogot\u00e1, y su funcionamiento y din\u00e1mica ser\u00e1 definido en esa sesi\u00f3n de trabajo.<\/p>\n<p style=\"padding-left: 40px;\">3. La Comisi\u00f3n Jur\u00eddica presentar\u00e1 su informe al inicio del V Ciclo de la Mesa de Di\u00e1logos para la Paz, e1 que debe incluir los hallazgos y las recomendaciones.<\/p>\n<p style=\"padding-left: 40px;\">4. Las Partes acuerdan la formalizaci\u00f3n del espacio de dialogo de la comisi\u00f3n de seguimiento, acompa\u00f1amiento y gesti\u00f3n para los alivios carcelarios, dependiente de la Mesa, establecida en la evaluaci\u00f3n conjunta del 10 de mayo de 2023 (punto 5.4.4.1), la cual presentar\u00e1 informes al inicio de cada ciclo.<\/p>\n<p style=\"padding-left: 40px;\">5. Se reconoce el tr\u00e1mite que est\u00e1 realizando la Oficina del Alto Comisionado para la Paz, en procura de la expedici\u00f3n de las resoluciones que nombran 10 presos pol\u00edticos o personas privadas de la libertad reconocidas como miembros del ELN, de los incluidos en los listados de alivios humanitarios carcelarios, como promotores de paz para que sean atendidas en su situaci\u00f3n de salud y se articulen a actividades de pedagog\u00eda del proceso de paz facilitando avances en lo pactado.<\/p>\n<p>Caracas, Rep\u00fablica Bolivariana de Venezuela 4 de septiembre de 2023.[\/vc_column_text][\/vc_column][\/vc_row][vc_row type=\u00bbin_container\u00bb full_screen_row_position=\u00bbmiddle\u00bb column_margin=\u00bbdefault\u00bb column_direction=\u00bbdefault\u00bb column_direction_tablet=\u00bbdefault\u00bb column_direction_phone=\u00bbdefault\u00bb scene_position=\u00bbcenter\u00bb text_color=\u00bbdark\u00bb text_align=\u00bbleft\u00bb row_border_radius=\u00bbnone\u00bb row_border_radius_applies=\u00bbbg\u00bb overflow=\u00bbvisible\u00bb overlay_strength=\u00bb0.3&#8243; gradient_direction=\u00bbleft_to_right\u00bb shape_divider_position=\u00bbbottom\u00bb bg_image_animation=\u00bbnone\u00bb][vc_column column_padding=\u00bbno-extra-padding\u00bb column_padding_tablet=\u00bbinherit\u00bb column_padding_phone=\u00bbinherit\u00bb column_padding_position=\u00bball\u00bb column_element_direction_desktop=\u00bbdefault\u00bb column_element_spacing=\u00bbdefault\u00bb desktop_text_alignment=\u00bbdefault\u00bb tablet_text_alignment=\u00bbdefault\u00bb phone_text_alignment=\u00bbdefault\u00bb background_color_opacity=\u00bb1&#8243; background_hover_color_opacity=\u00bb1&#8243; column_backdrop_filter=\u00bbnone\u00bb column_shadow=\u00bbnone\u00bb column_border_radius=\u00bbnone\u00bb column_link_target=\u00bb_self\u00bb column_position=\u00bbdefault\u00bb gradient_direction=\u00bbleft_to_right\u00bb overlay_strength=\u00bb0.3&#8243; width=\u00bb1\/1&#8243; tablet_width_inherit=\u00bbdefault\u00bb animation_type=\u00bbdefault\u00bb bg_image_animation=\u00bbnone\u00bb border_type=\u00bbsimple\u00bb column_border_width=\u00bbnone\u00bb column_border_style=\u00bbsolid\u00bb][nectar_btn size=\u00bbmedium\u00bb open_new_tab=\u00bbtrue\u00bb button_style=\u00bbregular\u00bb button_color_2=\u00bbAccent-Color\u00bb icon_family=\u00bbnone\u00bb text=\u00bbDescargar original del acuerdo parcial firmado\u00bb url=\u00bbhttps:\/\/delegacionelnpaz.org\/wp-content\/uploads\/2023\/09\/Acuerdo-Parcial.pdf\u00bb][\/vc_column][\/vc_row]\n","protected":false},"excerpt":{"rendered":"<p>[vc_row type=\u00bbin_container\u00bb full_screen_row_position=\u00bbmiddle\u00bb column_margin=\u00bbdefault\u00bb column_direction=\u00bbdefault\u00bb column_direction_tablet=\u00bbdefault\u00bb column_direction_phone=\u00bbdefault\u00bb scene_position=\u00bbcenter\u00bb text_color=\u00bbdark\u00bb text_align=\u00bbleft\u00bb row_border_radius=\u00bbnone\u00bb row_border_radius_applies=\u00bbbg\u00bb overflow=\u00bbvisible\u00bb overlay_strength=\u00bb0.3&#8243; gradient_direction=\u00bbleft_to_right\u00bb shape_divider_position=\u00bbbottom\u00bb bg_image_animation=\u00bbnone\u00bb][vc_column column_padding=\u00bbno-extra-padding\u00bb column_padding_tablet=\u00bbinherit\u00bb column_padding_phone=\u00bbinherit\u00bb column_padding_position=\u00bball\u00bb column_element_direction_desktop=\u00bbdefault\u00bb column_element_spacing=\u00bbdefault\u00bb desktop_text_alignment=\u00bbdefault\u00bb tablet_text_alignment=\u00bbdefault\u00bb phone_text_alignment=\u00bbdefault\u00bb background_color_opacity=\u00bb1&#8243; background_hover_color_opacity=\u00bb1&#8243; column_backdrop_filter=\u00bbnone\u00bb column_shadow=\u00bbnone\u00bb&#8230;<\/p>\n","protected":false},"author":3,"featured_media":0,"comment_status":"closed","ping_status":"closed","sticky":false,"template":"","format":"standard","meta":{"footnotes":""},"categories":[3],"tags":[75,55,76,77],"class_list":{"0":"post-621","1":"post","2":"type-post","3":"status-publish","4":"format-standard","6":"category-documentacion","7":"tag-acuerdo-parcial","8":"tag-alivios-humanitarios","9":"tag-presos-politicos","10":"tag-venezuela"},"yoast_head":"<!-- This site is optimized with the Yoast SEO plugin v23.6 - https:\/\/yoast.com\/wordpress\/plugins\/seo\/ -->\n<title>Acuerdo parcial sobre la evaluaci\u00f3n jur\u00eddica de la situaci\u00f3n de presos pol\u00edticos y personas privadas de la libertad reconocidas como miembros del ELN recluidos en las prisiones y centros de detenci\u00f3n del pa\u00eds - Delegaci\u00f3n de di\u00e1logos ELN PAZ<\/title>\n<meta name=\"robots\" content=\"index, follow, max-snippet:-1, max-image-preview:large, max-video-preview:-1\" \/>\n<link rel=\"canonical\" href=\"https:\/\/delegacionelnpaz.org\/?p=621\" \/>\n<meta property=\"og:locale\" content=\"es_ES\" \/>\n<meta property=\"og:type\" content=\"article\" \/>\n<meta property=\"og:title\" content=\"Acuerdo parcial sobre la evaluaci\u00f3n jur\u00eddica de la situaci\u00f3n de presos pol\u00edticos y personas privadas de la libertad reconocidas como miembros del ELN recluidos en las prisiones y centros de detenci\u00f3n del pa\u00eds - Delegaci\u00f3n de di\u00e1logos ELN PAZ\" \/>\n<meta property=\"og:description\" content=\"[vc_row type=\u00bbin_container\u00bb full_screen_row_position=\u00bbmiddle\u00bb column_margin=\u00bbdefault\u00bb column_direction=\u00bbdefault\u00bb column_direction_tablet=\u00bbdefault\u00bb column_direction_phone=\u00bbdefault\u00bb scene_position=\u00bbcenter\u00bb text_color=\u00bbdark\u00bb text_align=\u00bbleft\u00bb row_border_radius=\u00bbnone\u00bb row_border_radius_applies=\u00bbbg\u00bb overflow=\u00bbvisible\u00bb overlay_strength=\u00bb0.3&#8243; gradient_direction=\u00bbleft_to_right\u00bb shape_divider_position=\u00bbbottom\u00bb bg_image_animation=\u00bbnone\u00bb][vc_column column_padding=\u00bbno-extra-padding\u00bb column_padding_tablet=\u00bbinherit\u00bb column_padding_phone=\u00bbinherit\u00bb column_padding_position=\u00bball\u00bb column_element_direction_desktop=\u00bbdefault\u00bb column_element_spacing=\u00bbdefault\u00bb desktop_text_alignment=\u00bbdefault\u00bb tablet_text_alignment=\u00bbdefault\u00bb phone_text_alignment=\u00bbdefault\u00bb background_color_opacity=\u00bb1&#8243; background_hover_color_opacity=\u00bb1&#8243; column_backdrop_filter=\u00bbnone\u00bb column_shadow=\u00bbnone\u00bb...\" \/>\n<meta property=\"og:url\" content=\"https:\/\/delegacionelnpaz.org\/?p=621\" \/>\n<meta property=\"og:site_name\" content=\"Delegaci\u00f3n de di\u00e1logos ELN PAZ\" \/>\n<meta property=\"article:published_time\" content=\"2023-09-04T19:10:57+00:00\" \/>\n<meta property=\"article:modified_time\" content=\"2023-09-06T19:11:04+00:00\" \/>\n<meta name=\"author\" content=\"paco G\u00f3mez\" \/>\n<meta name=\"twitter:card\" content=\"summary_large_image\" \/>\n<meta name=\"twitter:label1\" content=\"Escrito por\" \/>\n\t<meta name=\"twitter:data1\" content=\"paco G\u00f3mez\" \/>\n\t<meta name=\"twitter:label2\" content=\"Tiempo de lectura\" \/>\n\t<meta name=\"twitter:data2\" content=\"3 minutos\" \/>\n<script type=\"application\/ld+json\" class=\"yoast-schema-graph\">{\"@context\":\"https:\/\/schema.org\",\"@graph\":[{\"@type\":\"WebPage\",\"@id\":\"https:\/\/delegacionelnpaz.org\/?p=621\",\"url\":\"https:\/\/delegacionelnpaz.org\/?p=621\",\"name\":\"Acuerdo parcial sobre la evaluaci\u00f3n jur\u00eddica de la situaci\u00f3n de presos pol\u00edticos y personas privadas de la libertad reconocidas como miembros del ELN recluidos en las prisiones y centros de detenci\u00f3n del pa\u00eds - Delegaci\u00f3n de di\u00e1logos ELN PAZ\",\"isPartOf\":{\"@id\":\"https:\/\/delegacionelnpaz.org\/#website\"},\"datePublished\":\"2023-09-04T19:10:57+00:00\",\"dateModified\":\"2023-09-06T19:11:04+00:00\",\"author\":{\"@id\":\"https:\/\/delegacionelnpaz.org\/#\/schema\/person\/5e729aec24df5acb58a0754d5a79cbfe\"},\"breadcrumb\":{\"@id\":\"https:\/\/delegacionelnpaz.org\/?p=621#breadcrumb\"},\"inLanguage\":\"es\",\"potentialAction\":[{\"@type\":\"ReadAction\",\"target\":[\"https:\/\/delegacionelnpaz.org\/?p=621\"]}]},{\"@type\":\"BreadcrumbList\",\"@id\":\"https:\/\/delegacionelnpaz.org\/?p=621#breadcrumb\",\"itemListElement\":[{\"@type\":\"ListItem\",\"position\":1,\"name\":\"Portada\",\"item\":\"https:\/\/delegacionelnpaz.org\/\"},{\"@type\":\"ListItem\",\"position\":2,\"name\":\"Acuerdo parcial sobre la evaluaci\u00f3n jur\u00eddica de la situaci\u00f3n de presos pol\u00edticos y personas privadas de la libertad reconocidas como miembros del ELN recluidos en las prisiones y centros de detenci\u00f3n del pa\u00eds\"}]},{\"@type\":\"WebSite\",\"@id\":\"https:\/\/delegacionelnpaz.org\/#website\",\"url\":\"https:\/\/delegacionelnpaz.org\/\",\"name\":\"Delegaci\u00f3n de di\u00e1logos ELN PAZ\",\"description\":\"ELN PAZ\",\"potentialAction\":[{\"@type\":\"SearchAction\",\"target\":{\"@type\":\"EntryPoint\",\"urlTemplate\":\"https:\/\/delegacionelnpaz.org\/?s={search_term_string}\"},\"query-input\":{\"@type\":\"PropertyValueSpecification\",\"valueRequired\":true,\"valueName\":\"search_term_string\"}}],\"inLanguage\":\"es\"},{\"@type\":\"Person\",\"@id\":\"https:\/\/delegacionelnpaz.org\/#\/schema\/person\/5e729aec24df5acb58a0754d5a79cbfe\",\"name\":\"paco G\u00f3mez\",\"url\":\"https:\/\/delegacionelnpaz.org\/?author=3\"}]}<\/script>\n<!-- \/ Yoast SEO plugin. -->","yoast_head_json":{"title":"Acuerdo parcial sobre la evaluaci\u00f3n jur\u00eddica de la situaci\u00f3n de presos pol\u00edticos y personas privadas de la libertad reconocidas como miembros del ELN recluidos en las prisiones y centros de detenci\u00f3n del pa\u00eds - Delegaci\u00f3n de di\u00e1logos ELN PAZ","robots":{"index":"index","follow":"follow","max-snippet":"max-snippet:-1","max-image-preview":"max-image-preview:large","max-video-preview":"max-video-preview:-1"},"canonical":"https:\/\/delegacionelnpaz.org\/?p=621","og_locale":"es_ES","og_type":"article","og_title":"Acuerdo parcial sobre la evaluaci\u00f3n jur\u00eddica de la situaci\u00f3n de presos pol\u00edticos y personas privadas de la libertad reconocidas como miembros del ELN recluidos en las prisiones y centros de detenci\u00f3n del pa\u00eds - Delegaci\u00f3n de di\u00e1logos ELN PAZ","og_description":"[vc_row type=\u00bbin_container\u00bb full_screen_row_position=\u00bbmiddle\u00bb column_margin=\u00bbdefault\u00bb column_direction=\u00bbdefault\u00bb column_direction_tablet=\u00bbdefault\u00bb column_direction_phone=\u00bbdefault\u00bb scene_position=\u00bbcenter\u00bb text_color=\u00bbdark\u00bb text_align=\u00bbleft\u00bb row_border_radius=\u00bbnone\u00bb row_border_radius_applies=\u00bbbg\u00bb overflow=\u00bbvisible\u00bb overlay_strength=\u00bb0.3&#8243; gradient_direction=\u00bbleft_to_right\u00bb shape_divider_position=\u00bbbottom\u00bb bg_image_animation=\u00bbnone\u00bb][vc_column column_padding=\u00bbno-extra-padding\u00bb column_padding_tablet=\u00bbinherit\u00bb column_padding_phone=\u00bbinherit\u00bb column_padding_position=\u00bball\u00bb column_element_direction_desktop=\u00bbdefault\u00bb column_element_spacing=\u00bbdefault\u00bb desktop_text_alignment=\u00bbdefault\u00bb tablet_text_alignment=\u00bbdefault\u00bb phone_text_alignment=\u00bbdefault\u00bb background_color_opacity=\u00bb1&#8243; background_hover_color_opacity=\u00bb1&#8243; column_backdrop_filter=\u00bbnone\u00bb column_shadow=\u00bbnone\u00bb...","og_url":"https:\/\/delegacionelnpaz.org\/?p=621","og_site_name":"Delegaci\u00f3n de di\u00e1logos ELN PAZ","article_published_time":"2023-09-04T19:10:57+00:00","article_modified_time":"2023-09-06T19:11:04+00:00","author":"paco G\u00f3mez","twitter_card":"summary_large_image","twitter_misc":{"Escrito por":"paco G\u00f3mez","Tiempo de lectura":"3 minutos"},"schema":{"@context":"https:\/\/schema.org","@graph":[{"@type":"WebPage","@id":"https:\/\/delegacionelnpaz.org\/?p=621","url":"https:\/\/delegacionelnpaz.org\/?p=621","name":"Acuerdo parcial sobre la evaluaci\u00f3n jur\u00eddica de la situaci\u00f3n de presos pol\u00edticos y personas privadas de la libertad reconocidas como miembros del ELN recluidos en las prisiones y centros de detenci\u00f3n del pa\u00eds - Delegaci\u00f3n de di\u00e1logos ELN PAZ","isPartOf":{"@id":"https:\/\/delegacionelnpaz.org\/#website"},"datePublished":"2023-09-04T19:10:57+00:00","dateModified":"2023-09-06T19:11:04+00:00","author":{"@id":"https:\/\/delegacionelnpaz.org\/#\/schema\/person\/5e729aec24df5acb58a0754d5a79cbfe"},"breadcrumb":{"@id":"https:\/\/delegacionelnpaz.org\/?p=621#breadcrumb"},"inLanguage":"es","potentialAction":[{"@type":"ReadAction","target":["https:\/\/delegacionelnpaz.org\/?p=621"]}]},{"@type":"BreadcrumbList","@id":"https:\/\/delegacionelnpaz.org\/?p=621#breadcrumb","itemListElement":[{"@type":"ListItem","position":1,"name":"Portada","item":"https:\/\/delegacionelnpaz.org\/"},{"@type":"ListItem","position":2,"name":"Acuerdo parcial sobre la evaluaci\u00f3n jur\u00eddica de la situaci\u00f3n de presos pol\u00edticos y personas privadas de la libertad reconocidas como miembros del ELN recluidos en las prisiones y centros de detenci\u00f3n del pa\u00eds"}]},{"@type":"WebSite","@id":"https:\/\/delegacionelnpaz.org\/#website","url":"https:\/\/delegacionelnpaz.org\/","name":"Delegaci\u00f3n de di\u00e1logos ELN PAZ","description":"ELN PAZ","potentialAction":[{"@type":"SearchAction","target":{"@type":"EntryPoint","urlTemplate":"https:\/\/delegacionelnpaz.org\/?s={search_term_string}"},"query-input":{"@type":"PropertyValueSpecification","valueRequired":true,"valueName":"search_term_string"}}],"inLanguage":"es"},{"@type":"Person","@id":"https:\/\/delegacionelnpaz.org\/#\/schema\/person\/5e729aec24df5acb58a0754d5a79cbfe","name":"paco G\u00f3mez","url":"https:\/\/delegacionelnpaz.org\/?author=3"}]}},"_links":{"self":[{"href":"https:\/\/delegacionelnpaz.org\/index.php?rest_route=\/wp\/v2\/posts\/621","targetHints":{"allow":["GET"]}}],"collection":[{"href":"https:\/\/delegacionelnpaz.org\/index.php?rest_route=\/wp\/v2\/posts"}],"about":[{"href":"https:\/\/delegacionelnpaz.org\/index.php?rest_route=\/wp\/v2\/types\/post"}],"author":[{"embeddable":true,"href":"https:\/\/delegacionelnpaz.org\/index.php?rest_route=\/wp\/v2\/users\/3"}],"replies":[{"embeddable":true,"href":"https:\/\/delegacionelnpaz.org\/index.php?rest_route=%2Fwp%2Fv2%2Fcomments&post=621"}],"version-history":[{"count":2,"href":"https:\/\/delegacionelnpaz.org\/index.php?rest_route=\/wp\/v2\/posts\/621\/revisions"}],"predecessor-version":[{"id":624,"href":"https:\/\/delegacionelnpaz.org\/index.php?rest_route=\/wp\/v2\/posts\/621\/revisions\/624"}],"wp:attachment":[{"href":"https:\/\/delegacionelnpaz.org\/index.php?rest_route=%2Fwp%2Fv2%2Fmedia&parent=621"}],"wp:term":[{"taxonomy":"category","embeddable":true,"href":"https:\/\/delegacionelnpaz.org\/index.php?rest_route=%2Fwp%2Fv2%2Fcategories&post=621"},{"taxonomy":"post_tag","embeddable":true,"href":"https:\/\/delegacionelnpaz.org\/index.php?rest_route=%2Fwp%2Fv2%2Ftags&post=621"}],"curies":[{"name":"wp","href":"https:\/\/api.w.org\/{rel}","templated":true}]}}