{"id":635,"date":"2024-01-11T01:11:53","date_gmt":"2024-01-11T01:11:53","guid":{"rendered":"https:\/\/delegacionelnpaz.org\/?p=635"},"modified":"2024-01-11T01:18:40","modified_gmt":"2024-01-11T01:18:40","slug":"el-quinto-ciclo-de-dialogos-afianza-el-proceso-de-paz","status":"publish","type":"post","link":"https:\/\/delegacionelnpaz.org\/?p=635","title":{"rendered":"EL QUINTO CICLO DE DI\u00c1LOGOS AFIANZA EL PROCESO DE PAZ"},"content":{"rendered":"<p class=\"western\" align=\"center\"><span style=\"font-family: Times New Roman, serif;\"><span style=\"font-size: small;\"><b>COMUNICADO CONJUNTO N\u00b0 20<\/b><\/span><\/span><\/p>\n<p class=\"western\" align=\"center\"><span style=\"font-family: Times New Roman, serif;\"><span style=\"font-size: medium;\"><b>EL QUINTO CICLO DE DI\u00c1LOGOS AFIANZA EL PROCESO DE PAZ<\/b><\/span><\/span><\/p>\n<p class=\"western\" align=\"justify\"><span style=\"font-family: Times New Roman, serif;\"><span style=\"font-size: medium;\">Las delegaciones del Gobierno de la Rep\u00fablica de Colombia y del Ej\u00e9rcito de Liberaci\u00f3n Nacional \u2013 ELN, hemos avanzado en afianzar el Proceso de Paz iniciado en la ciudad de Caracas en noviembre de 2022.<\/span><\/span><\/p>\n<p class=\"western\"><span style=\"font-family: Times New Roman, serif;\"><span style=\"font-size: medium;\">En este, el V Ciclo de di\u00e1logos, pactamos seis (6) acuerdos:<\/span><\/span><\/p>\n<ol>\n<li>\n<p align=\"justify\"><span style=\"font-family: Times New Roman, serif;\"><span style=\"font-size: medium;\">La reafirmaci\u00f3n del puerto de llegada de este proceso de paz, acordado en el II Ciclo realizado en Ciudad de M\u00e9xico en marzo de este a\u00f1o. <\/span><\/span><\/p>\n<\/li>\n<li>\n<p align=\"justify\"><span style=\"font-family: Times New Roman, serif;\"><span style=\"font-size: medium;\">La suspensi\u00f3n de las retenciones con fines econ\u00f3micos, seg\u00fan el ELN, en el marco de la prolongaci\u00f3n del Cese al fuego prevista para finales de enero del a\u00f1o entrante.<\/span><\/span><\/p>\n<\/li>\n<li>\n<p align=\"justify\"><span style=\"font-family: Times New Roman, serif;\"><span style=\"font-size: medium;\">La creaci\u00f3n de condiciones para la pr\u00f3rroga del Cese al fuego, el Mecanismo de Veedur\u00eda y Verificaci\u00f3n (MVV) y medidas frente al accionar de fuerzas paramilitares y de distintos grupos armados. <\/span><\/span><\/p>\n<\/li>\n<li>\n<p align=\"justify\"><span style=\"font-family: Times New Roman, serif;\"><span style=\"font-size: medium;\">La creaci\u00f3n de condiciones econ\u00f3micas y financieras para la materializaci\u00f3n del Acuerdo de M\u00e9xico. <\/span><\/span><\/p>\n<\/li>\n<li>\n<p align=\"justify\"><span style=\"font-family: Times New Roman, serif;\"><span style=\"font-size: medium;\">La reanudaci\u00f3n del proceso de participaci\u00f3n de la sociedad, la culminaci\u00f3n de su fase de dise\u00f1o en abril del a\u00f1o pr\u00f3ximo y la creaci\u00f3n de una red nacional de participaci\u00f3n. <\/span><\/span><\/p>\n<\/li>\n<li>\n<p align=\"justify\"><span style=\"font-family: Times New Roman, serif;\"><span style=\"font-size: medium;\">La conformaci\u00f3n de ocho (8) zonas cr\u00edticas, de acciones humanitarias y de una comisi\u00f3n de la Mesa para coordinar los planes de atenci\u00f3n y transformaciones sociales de las zonas.<\/span><\/span><\/p>\n<\/li>\n<\/ol>\n<p class=\"western\" align=\"justify\"><span style=\"font-family: Times New Roman, serif;\"><span style=\"font-size: medium;\">Las delegaciones expresamos nuestro reconocimiento y gratitud al pueblo y al gobierno de los Estados Unidos Mexicanos, por su apoyo a este proceso y por haber sido la sede del V Ciclo de di\u00e1logos para la paz. <\/span><\/span><\/p>\n<p class=\"western\" align=\"justify\"><span style=\"font-family: Times New Roman, serif;\"><span style=\"font-size: medium;\">Tambi\u00e9n, agradecemos nuevamente a la Rep\u00fablica Cuba su inmensa contribuci\u00f3n a este proceso de paz, y anunciamos que ser\u00e1 la sede del VI Ciclo a partir del 22 de enero del 2024 y que facilitar\u00e1 el Punto de Contacto Interciclos de la Mesa de Di\u00e1logos. <\/span><\/span><\/p>\n<p class=\"western\" align=\"justify\"><span style=\"font-family: Times New Roman, serif;\"><span style=\"font-size: medium;\">Igualmente reiteramos los agradecimientos a los otros pa\u00edses garantes: Brasil, Chile, Noruega y Venezuela; a la Conferencia Episcopal de Colombia y al Representante Especial del Secretario General de la ONU, como acompa\u00f1antes permanentes. Asimismo, al Grupo de Pa\u00edses de Apoyo, Acompa\u00f1amiento y Cooperaci\u00f3n, conformado por Alemania, Espa\u00f1a, Suecia y Suiza. <\/span><\/span><\/p>\n<p lang=\"es-PE\" align=\"justify\"><span style=\"font-family: Liberation Serif, serif;\"><span style=\"font-size: medium;\"><span style=\"font-family: Times New Roman, serif;\"><span lang=\"es-MX\">Ciudad de M\u00e9xico, Conferencia Interamericana de Seguridad Social, 17 de diciembre de 2023.<\/span><\/span><\/span><\/span><\/p>\n<p lang=\"es-PE\" align=\"justify\">\n<p align=\"justify\">Lea y descargue aqu\u00ed el comunicado completo aqui<b>: <\/b><\/p>\n<p align=\"justify\"><b><a href=\"https:\/\/delegacionelnpaz.org\/wp-content\/uploads\/2024\/01\/20231217-Comunicado-Conjunto-No.-19-Cierre-V-Ciclo.pdf\">COMUNICADO CONJUNTO N\u00b0 20<\/a><\/b><\/p>\n","protected":false},"excerpt":{"rendered":"<p>COMUNICADO CONJUNTO N\u00b0 20 EL QUINTO CICLO DE DI\u00c1LOGOS AFIANZA EL PROCESO DE PAZ Las delegaciones del Gobierno de la Rep\u00fablica de Colombia y del Ej\u00e9rcito de Liberaci\u00f3n Nacional \u2013&#8230;<\/p>\n","protected":false},"author":6,"featured_media":639,"comment_status":"closed","ping_status":"closed","sticky":false,"template":"","format":"standard","meta":{"footnotes":""},"categories":[10],"tags":[87,18,9,46,13,86,85,45,8,23,84,88],"class_list":{"0":"post-635","1":"post","2":"type-post","3":"status-publish","4":"format-standard","5":"has-post-thumbnail","7":"category-comunicados-conjuntos","8":"tag-acuerdo","9":"tag-colombia","10":"tag-cuba","11":"tag-dialogos","12":"tag-eln","13":"tag-guerrilla","14":"tag-insurgencia","15":"tag-mesa","16":"tag-mexico","17":"tag-paz","18":"tag-quinto-ciclo","19":"tag-retenciones"},"yoast_head":"<!-- This site is optimized with the Yoast SEO plugin v23.6 - https:\/\/yoast.com\/wordpress\/plugins\/seo\/ -->\n<title>EL QUINTO CICLO DE DI\u00c1LOGOS AFIANZA EL PROCESO DE PAZ - Delegaci\u00f3n de di\u00e1logos ELN PAZ<\/title>\n<meta name=\"robots\" content=\"index, follow, max-snippet:-1, max-image-preview:large, max-video-preview:-1\" \/>\n<link rel=\"canonical\" href=\"https:\/\/delegacionelnpaz.org\/?p=635\" \/>\n<meta property=\"og:locale\" content=\"es_ES\" \/>\n<meta property=\"og:type\" content=\"article\" \/>\n<meta property=\"og:title\" content=\"EL QUINTO CICLO DE DI\u00c1LOGOS AFIANZA EL PROCESO DE PAZ - Delegaci\u00f3n de di\u00e1logos ELN PAZ\" \/>\n<meta property=\"og:description\" content=\"COMUNICADO CONJUNTO N\u00b0 20 EL QUINTO CICLO DE DI\u00c1LOGOS AFIANZA EL PROCESO DE PAZ Las delegaciones del Gobierno de la Rep\u00fablica de Colombia y del Ej\u00e9rcito de Liberaci\u00f3n Nacional \u2013...\" \/>\n<meta property=\"og:url\" content=\"https:\/\/delegacionelnpaz.org\/?p=635\" \/>\n<meta property=\"og:site_name\" content=\"Delegaci\u00f3n de di\u00e1logos ELN PAZ\" \/>\n<meta property=\"article:published_time\" content=\"2024-01-11T01:11:53+00:00\" \/>\n<meta property=\"article:modified_time\" content=\"2024-01-11T01:18:40+00:00\" \/>\n<meta property=\"og:image\" content=\"https:\/\/delegacionelnpaz.org\/wp-content\/uploads\/2024\/01\/fotofamiliar-3.jpeg\" \/>\n\t<meta property=\"og:image:width\" content=\"1024\" \/>\n\t<meta property=\"og:image:height\" content=\"671\" \/>\n\t<meta property=\"og:image:type\" content=\"image\/jpeg\" \/>\n<meta name=\"author\" content=\"Edwin\" \/>\n<meta name=\"twitter:card\" content=\"summary_large_image\" \/>\n<meta name=\"twitter:label1\" content=\"Escrito por\" \/>\n\t<meta name=\"twitter:data1\" content=\"Edwin\" \/>\n\t<meta name=\"twitter:label2\" content=\"Tiempo de lectura\" \/>\n\t<meta name=\"twitter:data2\" content=\"2 minutos\" \/>\n<script type=\"application\/ld+json\" class=\"yoast-schema-graph\">{\"@context\":\"https:\/\/schema.org\",\"@graph\":[{\"@type\":\"WebPage\",\"@id\":\"https:\/\/delegacionelnpaz.org\/?p=635\",\"url\":\"https:\/\/delegacionelnpaz.org\/?p=635\",\"name\":\"EL QUINTO CICLO DE DI\u00c1LOGOS AFIANZA EL PROCESO DE PAZ - Delegaci\u00f3n de di\u00e1logos ELN PAZ\",\"isPartOf\":{\"@id\":\"https:\/\/delegacionelnpaz.org\/#website\"},\"primaryImageOfPage\":{\"@id\":\"https:\/\/delegacionelnpaz.org\/?p=635#primaryimage\"},\"image\":{\"@id\":\"https:\/\/delegacionelnpaz.org\/?p=635#primaryimage\"},\"thumbnailUrl\":\"https:\/\/delegacionelnpaz.org\/wp-content\/uploads\/2024\/01\/fotofamiliar-3.jpeg\",\"datePublished\":\"2024-01-11T01:11:53+00:00\",\"dateModified\":\"2024-01-11T01:18:40+00:00\",\"author\":{\"@id\":\"https:\/\/delegacionelnpaz.org\/#\/schema\/person\/f8e01983df8d870bed769af7e9b61e00\"},\"breadcrumb\":{\"@id\":\"https:\/\/delegacionelnpaz.org\/?p=635#breadcrumb\"},\"inLanguage\":\"es\",\"potentialAction\":[{\"@type\":\"ReadAction\",\"target\":[\"https:\/\/delegacionelnpaz.org\/?p=635\"]}]},{\"@type\":\"ImageObject\",\"inLanguage\":\"es\",\"@id\":\"https:\/\/delegacionelnpaz.org\/?p=635#primaryimage\",\"url\":\"https:\/\/delegacionelnpaz.org\/wp-content\/uploads\/2024\/01\/fotofamiliar-3.jpeg\",\"contentUrl\":\"https:\/\/delegacionelnpaz.org\/wp-content\/uploads\/2024\/01\/fotofamiliar-3.jpeg\",\"width\":1024,\"height\":671},{\"@type\":\"BreadcrumbList\",\"@id\":\"https:\/\/delegacionelnpaz.org\/?p=635#breadcrumb\",\"itemListElement\":[{\"@type\":\"ListItem\",\"position\":1,\"name\":\"Portada\",\"item\":\"https:\/\/delegacionelnpaz.org\/\"},{\"@type\":\"ListItem\",\"position\":2,\"name\":\"EL QUINTO CICLO DE DI\u00c1LOGOS AFIANZA EL PROCESO DE PAZ\"}]},{\"@type\":\"WebSite\",\"@id\":\"https:\/\/delegacionelnpaz.org\/#website\",\"url\":\"https:\/\/delegacionelnpaz.org\/\",\"name\":\"Delegaci\u00f3n de di\u00e1logos ELN PAZ\",\"description\":\"ELN PAZ\",\"potentialAction\":[{\"@type\":\"SearchAction\",\"target\":{\"@type\":\"EntryPoint\",\"urlTemplate\":\"https:\/\/delegacionelnpaz.org\/?s={search_term_string}\"},\"query-input\":{\"@type\":\"PropertyValueSpecification\",\"valueRequired\":true,\"valueName\":\"search_term_string\"}}],\"inLanguage\":\"es\"},{\"@type\":\"Person\",\"@id\":\"https:\/\/delegacionelnpaz.org\/#\/schema\/person\/f8e01983df8d870bed769af7e9b61e00\",\"name\":\"Edwin\",\"url\":\"https:\/\/delegacionelnpaz.org\/?author=6\"}]}<\/script>\n<!-- \/ Yoast SEO plugin. -->","yoast_head_json":{"title":"EL QUINTO CICLO DE DI\u00c1LOGOS AFIANZA EL PROCESO DE PAZ - Delegaci\u00f3n de di\u00e1logos ELN PAZ","robots":{"index":"index","follow":"follow","max-snippet":"max-snippet:-1","max-image-preview":"max-image-preview:large","max-video-preview":"max-video-preview:-1"},"canonical":"https:\/\/delegacionelnpaz.org\/?p=635","og_locale":"es_ES","og_type":"article","og_title":"EL QUINTO CICLO DE DI\u00c1LOGOS AFIANZA EL PROCESO DE PAZ - Delegaci\u00f3n de di\u00e1logos ELN PAZ","og_description":"COMUNICADO CONJUNTO N\u00b0 20 EL QUINTO CICLO DE DI\u00c1LOGOS AFIANZA EL PROCESO DE PAZ Las delegaciones del Gobierno de la Rep\u00fablica de Colombia y del Ej\u00e9rcito de Liberaci\u00f3n Nacional \u2013...","og_url":"https:\/\/delegacionelnpaz.org\/?p=635","og_site_name":"Delegaci\u00f3n de di\u00e1logos ELN PAZ","article_published_time":"2024-01-11T01:11:53+00:00","article_modified_time":"2024-01-11T01:18:40+00:00","og_image":[{"width":1024,"height":671,"url":"https:\/\/delegacionelnpaz.org\/wp-content\/uploads\/2024\/01\/fotofamiliar-3.jpeg","type":"image\/jpeg"}],"author":"Edwin","twitter_card":"summary_large_image","twitter_misc":{"Escrito por":"Edwin","Tiempo de lectura":"2 minutos"},"schema":{"@context":"https:\/\/schema.org","@graph":[{"@type":"WebPage","@id":"https:\/\/delegacionelnpaz.org\/?p=635","url":"https:\/\/delegacionelnpaz.org\/?p=635","name":"EL QUINTO CICLO DE DI\u00c1LOGOS AFIANZA EL PROCESO DE PAZ - Delegaci\u00f3n de di\u00e1logos ELN PAZ","isPartOf":{"@id":"https:\/\/delegacionelnpaz.org\/#website"},"primaryImageOfPage":{"@id":"https:\/\/delegacionelnpaz.org\/?p=635#primaryimage"},"image":{"@id":"https:\/\/delegacionelnpaz.org\/?p=635#primaryimage"},"thumbnailUrl":"https:\/\/delegacionelnpaz.org\/wp-content\/uploads\/2024\/01\/fotofamiliar-3.jpeg","datePublished":"2024-01-11T01:11:53+00:00","dateModified":"2024-01-11T01:18:40+00:00","author":{"@id":"https:\/\/delegacionelnpaz.org\/#\/schema\/person\/f8e01983df8d870bed769af7e9b61e00"},"breadcrumb":{"@id":"https:\/\/delegacionelnpaz.org\/?p=635#breadcrumb"},"inLanguage":"es","potentialAction":[{"@type":"ReadAction","target":["https:\/\/delegacionelnpaz.org\/?p=635"]}]},{"@type":"ImageObject","inLanguage":"es","@id":"https:\/\/delegacionelnpaz.org\/?p=635#primaryimage","url":"https:\/\/delegacionelnpaz.org\/wp-content\/uploads\/2024\/01\/fotofamiliar-3.jpeg","contentUrl":"https:\/\/delegacionelnpaz.org\/wp-content\/uploads\/2024\/01\/fotofamiliar-3.jpeg","width":1024,"height":671},{"@type":"BreadcrumbList","@id":"https:\/\/delegacionelnpaz.org\/?p=635#breadcrumb","itemListElement":[{"@type":"ListItem","position":1,"name":"Portada","item":"https:\/\/delegacionelnpaz.org\/"},{"@type":"ListItem","position":2,"name":"EL QUINTO CICLO DE DI\u00c1LOGOS AFIANZA EL PROCESO DE PAZ"}]},{"@type":"WebSite","@id":"https:\/\/delegacionelnpaz.org\/#website","url":"https:\/\/delegacionelnpaz.org\/","name":"Delegaci\u00f3n de di\u00e1logos ELN PAZ","description":"ELN PAZ","potentialAction":[{"@type":"SearchAction","target":{"@type":"EntryPoint","urlTemplate":"https:\/\/delegacionelnpaz.org\/?s={search_term_string}"},"query-input":{"@type":"PropertyValueSpecification","valueRequired":true,"valueName":"search_term_string"}}],"inLanguage":"es"},{"@type":"Person","@id":"https:\/\/delegacionelnpaz.org\/#\/schema\/person\/f8e01983df8d870bed769af7e9b61e00","name":"Edwin","url":"https:\/\/delegacionelnpaz.org\/?author=6"}]}},"_links":{"self":[{"href":"https:\/\/delegacionelnpaz.org\/index.php?rest_route=\/wp\/v2\/posts\/635","targetHints":{"allow":["GET"]}}],"collection":[{"href":"https:\/\/delegacionelnpaz.org\/index.php?rest_route=\/wp\/v2\/posts"}],"about":[{"href":"https:\/\/delegacionelnpaz.org\/index.php?rest_route=\/wp\/v2\/types\/post"}],"author":[{"embeddable":true,"href":"https:\/\/delegacionelnpaz.org\/index.php?rest_route=\/wp\/v2\/users\/6"}],"replies":[{"embeddable":true,"href":"https:\/\/delegacionelnpaz.org\/index.php?rest_route=%2Fwp%2Fv2%2Fcomments&post=635"}],"version-history":[{"count":3,"href":"https:\/\/delegacionelnpaz.org\/index.php?rest_route=\/wp\/v2\/posts\/635\/revisions"}],"predecessor-version":[{"id":641,"href":"https:\/\/delegacionelnpaz.org\/index.php?rest_route=\/wp\/v2\/posts\/635\/revisions\/641"}],"wp:featuredmedia":[{"embeddable":true,"href":"https:\/\/delegacionelnpaz.org\/index.php?rest_route=\/wp\/v2\/media\/639"}],"wp:attachment":[{"href":"https:\/\/delegacionelnpaz.org\/index.php?rest_route=%2Fwp%2Fv2%2Fmedia&parent=635"}],"wp:term":[{"taxonomy":"category","embeddable":true,"href":"https:\/\/delegacionelnpaz.org\/index.php?rest_route=%2Fwp%2Fv2%2Fcategories&post=635"},{"taxonomy":"post_tag","embeddable":true,"href":"https:\/\/delegacionelnpaz.org\/index.php?rest_route=%2Fwp%2Fv2%2Ftags&post=635"}],"curies":[{"name":"wp","href":"https:\/\/api.w.org\/{rel}","templated":true}]}}