{"id":642,"date":"2024-01-24T13:57:34","date_gmt":"2024-01-24T13:57:34","guid":{"rendered":"https:\/\/delegacionelnpaz.org\/?p=642"},"modified":"2024-02-09T15:28:13","modified_gmt":"2024-02-09T15:28:13","slug":"acuerdos-del-quinto-ciclo-firmados-en-ciudad-de-mexico","status":"publish","type":"post","link":"https:\/\/delegacionelnpaz.org\/?p=642","title":{"rendered":"Acuerdos del Quinto Ciclo firmados en Ciudad de M\u00e9xico."},"content":{"rendered":"<p>Las delegaciones del Gobierno de la Rep\u00fablica de Colombia y del Ej\u00e9rcito de Liberaci\u00f3n Nacional \u2013 ELN, desarrollamos el V Ciclo de di\u00e1logos en Ciudad de M\u00e9xico entre el 4 y el 17 de diciembre de 2023, en el pactamos seis (6) acuerdos, que son:<\/p>\n<h4><\/h4>\n<h3 class=\"western\" style=\"text-align: left;\" align=\"center\"><strong><a href=\"https:\/\/delegacionelnpaz.org\/wp-content\/uploads\/2024\/01\/20231217-15.-Horizonte-V3-Conjunta.pdf\">1 REAFIRMACI\u00d3N DEL HORIZONTE DEL PROCESO DE PAZ ENTRE EL GOBIERNO DE LA REP\u00daBLICA DE COLOMBIA Y EL EJ\u00c9RCITO DE LIBERACI\u00d3N NACIONAL EN EL MARCO DE LA AGENDA DE M\u00c9XICO<\/a><\/strong><\/h3>\n<p>&nbsp;<\/p>\n<h3 class=\"western\" style=\"text-align: left;\" align=\"center\"><strong><a href=\"https:\/\/delegacionelnpaz.org\/wp-content\/uploads\/2024\/01\/20231217-16.-Acuerdo-Retenciones.pdf\">2. ACUERDO SOBRE LA SUSPENSI\u00d3N DE LAS RETENCIONES CON FINES ECON\u00d3MICOS, SEG\u00daN LA DENOMINACI\u00d3N DEL ELN, DURANTE EL CFBNT <\/a><\/strong><\/h3>\n<p>&nbsp;<\/p>\n<h4><\/h4>\n<h3 class=\"western\" style=\"text-align: left;\" align=\"center\"><strong><a href=\"https:\/\/delegacionelnpaz.org\/wp-content\/uploads\/2024\/01\/20231217-18.-Acuerdo-CFBNT-V3.pdf\">3. ACUERDO SOBRE LA PR\u00d3RROGA DEL CESE AL FUEGO BILATERAL, NACIONAL Y TEMPORAL<\/a><\/strong><\/h3>\n<p>&nbsp;<\/p>\n<h4><\/h4>\n<h3 style=\"text-align: left;\" align=\"center\"><strong><a href=\"https:\/\/delegacionelnpaz.org\/wp-content\/uploads\/2024\/01\/20231217-16.-Acuerdo-Retenciones.pdf\">4. ACUERDO SOBRE LA SUSPENSI\u00d3N DE LAS RETENCIONES CON FINES ECON\u00d3MICOS, SEG\u00daN LA DENOMINACI\u00d3N DEL ELN, DURANTE EL CFBNT<\/a><\/strong><\/h3>\n<p>&nbsp;<\/p>\n<h4><\/h4>\n<h3 style=\"text-align: left;\" align=\"center\"><strong><a href=\"https:\/\/delegacionelnpaz.org\/wp-content\/uploads\/2024\/01\/20231217-19.-AcuerdoParticipacion.pdf\">5.DECLARACI\u00d3N Y ACUERDO SOBRE EL PROCESO DE DISE\u00d1O DE LA PARTICIPACI\u00d3N<\/a><\/strong><\/h3>\n<p>&nbsp;<\/p>\n<h3 style=\"text-align: left;\" align=\"center\"><strong><a href=\"https:\/\/delegacionelnpaz.org\/wp-content\/uploads\/2024\/01\/20231217-20.-Zonas-Criticas.pdf\">6. ACCIONES Y DIN\u00c1MICAS HUMANITARIAS EN LAS ZONAS CR\u00cdTICAS<\/a><\/strong><\/h3>\n<p>&nbsp;<\/p>\n<p style=\"text-align: left;\" align=\"center\">Estos acuerdos se rubricaron en La Habana, Cuba, el 23 de enero de 2024 en el marco del inicio del sexto ciclo de conversaciones de la Mesa de Di\u00e1logos para la Paz entre el Ej\u00e9rcito de Liberaci\u00f3n Nacional y el Gobierno de la Rep\u00fablica de Colombia<\/p>\n<p>&nbsp;<\/p>\n","protected":false},"excerpt":{"rendered":"<p>Las delegaciones del Gobierno de la Rep\u00fablica de Colombia y del Ej\u00e9rcito de Liberaci\u00f3n Nacional \u2013 ELN, desarrollamos el V Ciclo de di\u00e1logos en Ciudad de M\u00e9xico entre el 4&#8230;<\/p>\n","protected":false},"author":6,"featured_media":0,"comment_status":"closed","ping_status":"closed","sticky":false,"template":"","format":"standard","meta":{"footnotes":""},"categories":[1,10],"tags":[31,18,9,13,89,39,23,90,88],"class_list":{"0":"post-642","1":"post","2":"type-post","3":"status-publish","4":"format-standard","6":"category-actualidad","7":"category-comunicados-conjuntos","8":"tag-cese-al-fuego","9":"tag-colombia","10":"tag-cuba","11":"tag-eln","12":"tag-la-haabana","13":"tag-mesa-de-dialogos","14":"tag-paz","15":"tag-prorroga","16":"tag-retenciones"},"yoast_head":"<!-- This site is optimized with the Yoast SEO plugin v23.6 - https:\/\/yoast.com\/wordpress\/plugins\/seo\/ -->\n<title>Acuerdos del Quinto Ciclo firmados en Ciudad de M\u00e9xico. - Delegaci\u00f3n de di\u00e1logos ELN PAZ<\/title>\n<meta name=\"robots\" content=\"index, follow, max-snippet:-1, max-image-preview:large, max-video-preview:-1\" \/>\n<link rel=\"canonical\" href=\"https:\/\/delegacionelnpaz.org\/?p=642\" \/>\n<meta property=\"og:locale\" content=\"es_ES\" \/>\n<meta property=\"og:type\" content=\"article\" \/>\n<meta property=\"og:title\" content=\"Acuerdos del Quinto Ciclo firmados en Ciudad de M\u00e9xico. - Delegaci\u00f3n de di\u00e1logos ELN PAZ\" \/>\n<meta property=\"og:description\" content=\"Las delegaciones del Gobierno de la Rep\u00fablica de Colombia y del Ej\u00e9rcito de Liberaci\u00f3n Nacional \u2013 ELN, desarrollamos el V Ciclo de di\u00e1logos en Ciudad de M\u00e9xico entre el 4...\" \/>\n<meta property=\"og:url\" content=\"https:\/\/delegacionelnpaz.org\/?p=642\" \/>\n<meta property=\"og:site_name\" content=\"Delegaci\u00f3n de di\u00e1logos ELN PAZ\" \/>\n<meta property=\"article:published_time\" content=\"2024-01-24T13:57:34+00:00\" \/>\n<meta property=\"article:modified_time\" content=\"2024-02-09T15:28:13+00:00\" \/>\n<meta name=\"author\" content=\"Edwin\" \/>\n<meta name=\"twitter:card\" content=\"summary_large_image\" \/>\n<meta name=\"twitter:label1\" content=\"Escrito por\" \/>\n\t<meta name=\"twitter:data1\" content=\"Edwin\" \/>\n\t<meta name=\"twitter:label2\" content=\"Tiempo de lectura\" \/>\n\t<meta name=\"twitter:data2\" content=\"1 minuto\" \/>\n<script type=\"application\/ld+json\" class=\"yoast-schema-graph\">{\"@context\":\"https:\/\/schema.org\",\"@graph\":[{\"@type\":\"WebPage\",\"@id\":\"https:\/\/delegacionelnpaz.org\/?p=642\",\"url\":\"https:\/\/delegacionelnpaz.org\/?p=642\",\"name\":\"Acuerdos del Quinto Ciclo firmados en Ciudad de M\u00e9xico. - Delegaci\u00f3n de di\u00e1logos ELN PAZ\",\"isPartOf\":{\"@id\":\"https:\/\/delegacionelnpaz.org\/#website\"},\"datePublished\":\"2024-01-24T13:57:34+00:00\",\"dateModified\":\"2024-02-09T15:28:13+00:00\",\"author\":{\"@id\":\"https:\/\/delegacionelnpaz.org\/#\/schema\/person\/f8e01983df8d870bed769af7e9b61e00\"},\"breadcrumb\":{\"@id\":\"https:\/\/delegacionelnpaz.org\/?p=642#breadcrumb\"},\"inLanguage\":\"es\",\"potentialAction\":[{\"@type\":\"ReadAction\",\"target\":[\"https:\/\/delegacionelnpaz.org\/?p=642\"]}]},{\"@type\":\"BreadcrumbList\",\"@id\":\"https:\/\/delegacionelnpaz.org\/?p=642#breadcrumb\",\"itemListElement\":[{\"@type\":\"ListItem\",\"position\":1,\"name\":\"Portada\",\"item\":\"https:\/\/delegacionelnpaz.org\/\"},{\"@type\":\"ListItem\",\"position\":2,\"name\":\"Acuerdos del Quinto Ciclo firmados en Ciudad de M\u00e9xico.\"}]},{\"@type\":\"WebSite\",\"@id\":\"https:\/\/delegacionelnpaz.org\/#website\",\"url\":\"https:\/\/delegacionelnpaz.org\/\",\"name\":\"Delegaci\u00f3n de di\u00e1logos ELN PAZ\",\"description\":\"ELN PAZ\",\"potentialAction\":[{\"@type\":\"SearchAction\",\"target\":{\"@type\":\"EntryPoint\",\"urlTemplate\":\"https:\/\/delegacionelnpaz.org\/?s={search_term_string}\"},\"query-input\":{\"@type\":\"PropertyValueSpecification\",\"valueRequired\":true,\"valueName\":\"search_term_string\"}}],\"inLanguage\":\"es\"},{\"@type\":\"Person\",\"@id\":\"https:\/\/delegacionelnpaz.org\/#\/schema\/person\/f8e01983df8d870bed769af7e9b61e00\",\"name\":\"Edwin\",\"url\":\"https:\/\/delegacionelnpaz.org\/?author=6\"}]}<\/script>\n<!-- \/ Yoast SEO plugin. -->","yoast_head_json":{"title":"Acuerdos del Quinto Ciclo firmados en Ciudad de M\u00e9xico. - Delegaci\u00f3n de di\u00e1logos ELN PAZ","robots":{"index":"index","follow":"follow","max-snippet":"max-snippet:-1","max-image-preview":"max-image-preview:large","max-video-preview":"max-video-preview:-1"},"canonical":"https:\/\/delegacionelnpaz.org\/?p=642","og_locale":"es_ES","og_type":"article","og_title":"Acuerdos del Quinto Ciclo firmados en Ciudad de M\u00e9xico. - Delegaci\u00f3n de di\u00e1logos ELN PAZ","og_description":"Las delegaciones del Gobierno de la Rep\u00fablica de Colombia y del Ej\u00e9rcito de Liberaci\u00f3n Nacional \u2013 ELN, desarrollamos el V Ciclo de di\u00e1logos en Ciudad de M\u00e9xico entre el 4...","og_url":"https:\/\/delegacionelnpaz.org\/?p=642","og_site_name":"Delegaci\u00f3n de di\u00e1logos ELN PAZ","article_published_time":"2024-01-24T13:57:34+00:00","article_modified_time":"2024-02-09T15:28:13+00:00","author":"Edwin","twitter_card":"summary_large_image","twitter_misc":{"Escrito por":"Edwin","Tiempo de lectura":"1 minuto"},"schema":{"@context":"https:\/\/schema.org","@graph":[{"@type":"WebPage","@id":"https:\/\/delegacionelnpaz.org\/?p=642","url":"https:\/\/delegacionelnpaz.org\/?p=642","name":"Acuerdos del Quinto Ciclo firmados en Ciudad de M\u00e9xico. - Delegaci\u00f3n de di\u00e1logos ELN PAZ","isPartOf":{"@id":"https:\/\/delegacionelnpaz.org\/#website"},"datePublished":"2024-01-24T13:57:34+00:00","dateModified":"2024-02-09T15:28:13+00:00","author":{"@id":"https:\/\/delegacionelnpaz.org\/#\/schema\/person\/f8e01983df8d870bed769af7e9b61e00"},"breadcrumb":{"@id":"https:\/\/delegacionelnpaz.org\/?p=642#breadcrumb"},"inLanguage":"es","potentialAction":[{"@type":"ReadAction","target":["https:\/\/delegacionelnpaz.org\/?p=642"]}]},{"@type":"BreadcrumbList","@id":"https:\/\/delegacionelnpaz.org\/?p=642#breadcrumb","itemListElement":[{"@type":"ListItem","position":1,"name":"Portada","item":"https:\/\/delegacionelnpaz.org\/"},{"@type":"ListItem","position":2,"name":"Acuerdos del Quinto Ciclo firmados en Ciudad de M\u00e9xico."}]},{"@type":"WebSite","@id":"https:\/\/delegacionelnpaz.org\/#website","url":"https:\/\/delegacionelnpaz.org\/","name":"Delegaci\u00f3n de di\u00e1logos ELN PAZ","description":"ELN PAZ","potentialAction":[{"@type":"SearchAction","target":{"@type":"EntryPoint","urlTemplate":"https:\/\/delegacionelnpaz.org\/?s={search_term_string}"},"query-input":{"@type":"PropertyValueSpecification","valueRequired":true,"valueName":"search_term_string"}}],"inLanguage":"es"},{"@type":"Person","@id":"https:\/\/delegacionelnpaz.org\/#\/schema\/person\/f8e01983df8d870bed769af7e9b61e00","name":"Edwin","url":"https:\/\/delegacionelnpaz.org\/?author=6"}]}},"_links":{"self":[{"href":"https:\/\/delegacionelnpaz.org\/index.php?rest_route=\/wp\/v2\/posts\/642","targetHints":{"allow":["GET"]}}],"collection":[{"href":"https:\/\/delegacionelnpaz.org\/index.php?rest_route=\/wp\/v2\/posts"}],"about":[{"href":"https:\/\/delegacionelnpaz.org\/index.php?rest_route=\/wp\/v2\/types\/post"}],"author":[{"embeddable":true,"href":"https:\/\/delegacionelnpaz.org\/index.php?rest_route=\/wp\/v2\/users\/6"}],"replies":[{"embeddable":true,"href":"https:\/\/delegacionelnpaz.org\/index.php?rest_route=%2Fwp%2Fv2%2Fcomments&post=642"}],"version-history":[{"count":14,"href":"https:\/\/delegacionelnpaz.org\/index.php?rest_route=\/wp\/v2\/posts\/642\/revisions"}],"predecessor-version":[{"id":655,"href":"https:\/\/delegacionelnpaz.org\/index.php?rest_route=\/wp\/v2\/posts\/642\/revisions\/655"}],"wp:attachment":[{"href":"https:\/\/delegacionelnpaz.org\/index.php?rest_route=%2Fwp%2Fv2%2Fmedia&parent=642"}],"wp:term":[{"taxonomy":"category","embeddable":true,"href":"https:\/\/delegacionelnpaz.org\/index.php?rest_route=%2Fwp%2Fv2%2Fcategories&post=642"},{"taxonomy":"post_tag","embeddable":true,"href":"https:\/\/delegacionelnpaz.org\/index.php?rest_route=%2Fwp%2Fv2%2Ftags&post=642"}],"curies":[{"name":"wp","href":"https:\/\/api.w.org\/{rel}","templated":true}]}}