{"id":712,"date":"2024-02-26T13:05:17","date_gmt":"2024-02-26T13:05:17","guid":{"rendered":"https:\/\/delegacionelnpaz.org\/?p=712"},"modified":"2024-03-16T13:07:04","modified_gmt":"2024-03-16T13:07:04","slug":"comunicado-conjunto-nro-22","status":"publish","type":"post","link":"https:\/\/delegacionelnpaz.org\/?p=712","title":{"rendered":"Comunicado Conjunto Nro. 22"},"content":{"rendered":"<p align=\"center\"><span style=\"font-family: Times New Roman, serif;\"><span style=\"font-size: medium;\"><b>Mesa de Di\u00e1logos para la Paz entre el Gobierno de la Rep\u00fablica de Colombia y el Ej\u00e9rcito de Liberaci\u00f3n Nacional \u2013 ELN<\/b><\/span><\/span><\/p>\n<p align=\"justify\"><span style=\"font-family: Times New Roman, serif;\"><span style=\"font-size: medium;\">Las delegaciones de di\u00e1logo de paz del Gobierno de la Rep\u00fablica de Colombia y del Ej\u00e9rcito de Liberaci\u00f3n Nacional \u2013 ELN, hemos concluido la reuni\u00f3n desarrollada en La Habana, Rep\u00fablica de Cuba, entre los d\u00edas 24 al 26 de febrero de 2024, a solicitud de los Pa\u00edses Garantes y Acompa\u00f1antes Permanentes.<\/span><\/span><\/p>\n<p align=\"justify\"><span style=\"font-family: Times New Roman, serif;\"><span style=\"font-size: medium;\">Analizamos los avances en los acuerdos y los problemas que enfrenta la Mesa de Di\u00e1logos para la Paz, frente a los cuales cada parte ha adquirido compromisos para el buen desarrollo del proceso de paz. <\/span><\/span><\/p>\n<p align=\"justify\"><span style=\"font-family: Times New Roman, serif;\"><span style=\"font-size: medium;\">Continuaremos con las actividades previstas en los acuerdos. Realizaremos una evaluaci\u00f3n de las gestiones y compromisos durante el s\u00e9ptimo ciclo que se adelantar\u00e1 en la Rep\u00fablica Bolivariana de Venezuela entre el 8 y el 22 de abril de 2024.<\/span><\/span><\/p>\n<p align=\"justify\"><span style=\"font-family: Times New Roman, serif;\"><span style=\"font-size: medium;\">Por su parte, la delegaci\u00f3n de di\u00e1logos del ELN cumplir\u00e1 las consultas internas a la que fue convocada.<\/span><\/span><\/p>\n<p align=\"justify\"><span style=\"font-family: Times New Roman, serif;\"><span style=\"font-size: medium;\">Ambas delegaciones agradecemos a la Rep\u00fablica de Cuba por su hospitalidad y apoyo, y a los Pa\u00edses Garantes y Acompa\u00f1antes Permanentes, as\u00ed como al Grupo de Pa\u00edses de Acompa\u00f1amiento, Apoyo y Cooperaci\u00f3n (GPAAC), por sus buenos oficios durante el sexto ciclo y en el desarrollo de la presente reuni\u00f3n. <\/span><\/span><\/p>\n<p align=\"justify\"><span style=\"font-family: Times New Roman, serif;\"><span style=\"font-size: medium;\">La Habana, Rep\u00fablica de Cuba, febrero 26 de 2024.<\/span><\/span><\/p>\n","protected":false},"excerpt":{"rendered":"<p>Mesa de Di\u00e1logos para la Paz entre el Gobierno de la Rep\u00fablica de Colombia y el Ej\u00e9rcito de Liberaci\u00f3n Nacional \u2013 ELN Las delegaciones de di\u00e1logo de paz del Gobierno&#8230;<\/p>\n","protected":false},"author":6,"featured_media":0,"comment_status":"closed","ping_status":"closed","sticky":false,"template":"","format":"standard","meta":{"footnotes":""},"categories":[1,10,3],"tags":[100,13,101,23],"class_list":{"0":"post-712","1":"post","2":"type-post","3":"status-publish","4":"format-standard","6":"category-actualidad","7":"category-comunicados-conjuntos","8":"category-documentacion","9":"tag-delegacion","10":"tag-eln","11":"tag-mesa-dialogos","12":"tag-paz"},"yoast_head":"<!-- This site is optimized with the Yoast SEO plugin v23.6 - https:\/\/yoast.com\/wordpress\/plugins\/seo\/ -->\n<title>Comunicado Conjunto Nro. 22 - Delegaci\u00f3n de di\u00e1logos ELN PAZ<\/title>\n<meta name=\"robots\" content=\"index, follow, max-snippet:-1, max-image-preview:large, max-video-preview:-1\" \/>\n<link rel=\"canonical\" href=\"https:\/\/delegacionelnpaz.org\/?p=712\" \/>\n<meta property=\"og:locale\" content=\"es_ES\" \/>\n<meta property=\"og:type\" content=\"article\" \/>\n<meta property=\"og:title\" content=\"Comunicado Conjunto Nro. 22 - Delegaci\u00f3n de di\u00e1logos ELN PAZ\" \/>\n<meta property=\"og:description\" content=\"Mesa de Di\u00e1logos para la Paz entre el Gobierno de la Rep\u00fablica de Colombia y el Ej\u00e9rcito de Liberaci\u00f3n Nacional \u2013 ELN Las delegaciones de di\u00e1logo de paz del Gobierno...\" \/>\n<meta property=\"og:url\" content=\"https:\/\/delegacionelnpaz.org\/?p=712\" \/>\n<meta property=\"og:site_name\" content=\"Delegaci\u00f3n de di\u00e1logos ELN PAZ\" \/>\n<meta property=\"article:published_time\" content=\"2024-02-26T13:05:17+00:00\" \/>\n<meta property=\"article:modified_time\" content=\"2024-03-16T13:07:04+00:00\" \/>\n<meta name=\"author\" content=\"Edwin\" \/>\n<meta name=\"twitter:card\" content=\"summary_large_image\" \/>\n<meta name=\"twitter:label1\" content=\"Escrito por\" \/>\n\t<meta name=\"twitter:data1\" content=\"Edwin\" \/>\n\t<meta name=\"twitter:label2\" content=\"Tiempo de lectura\" \/>\n\t<meta name=\"twitter:data2\" content=\"2 minutos\" \/>\n<script type=\"application\/ld+json\" class=\"yoast-schema-graph\">{\"@context\":\"https:\/\/schema.org\",\"@graph\":[{\"@type\":\"WebPage\",\"@id\":\"https:\/\/delegacionelnpaz.org\/?p=712\",\"url\":\"https:\/\/delegacionelnpaz.org\/?p=712\",\"name\":\"Comunicado Conjunto Nro. 22 - Delegaci\u00f3n de di\u00e1logos ELN PAZ\",\"isPartOf\":{\"@id\":\"https:\/\/delegacionelnpaz.org\/#website\"},\"datePublished\":\"2024-02-26T13:05:17+00:00\",\"dateModified\":\"2024-03-16T13:07:04+00:00\",\"author\":{\"@id\":\"https:\/\/delegacionelnpaz.org\/#\/schema\/person\/f8e01983df8d870bed769af7e9b61e00\"},\"breadcrumb\":{\"@id\":\"https:\/\/delegacionelnpaz.org\/?p=712#breadcrumb\"},\"inLanguage\":\"es\",\"potentialAction\":[{\"@type\":\"ReadAction\",\"target\":[\"https:\/\/delegacionelnpaz.org\/?p=712\"]}]},{\"@type\":\"BreadcrumbList\",\"@id\":\"https:\/\/delegacionelnpaz.org\/?p=712#breadcrumb\",\"itemListElement\":[{\"@type\":\"ListItem\",\"position\":1,\"name\":\"Portada\",\"item\":\"https:\/\/delegacionelnpaz.org\/\"},{\"@type\":\"ListItem\",\"position\":2,\"name\":\"Comunicado Conjunto Nro. 22\"}]},{\"@type\":\"WebSite\",\"@id\":\"https:\/\/delegacionelnpaz.org\/#website\",\"url\":\"https:\/\/delegacionelnpaz.org\/\",\"name\":\"Delegaci\u00f3n de di\u00e1logos ELN PAZ\",\"description\":\"ELN PAZ\",\"potentialAction\":[{\"@type\":\"SearchAction\",\"target\":{\"@type\":\"EntryPoint\",\"urlTemplate\":\"https:\/\/delegacionelnpaz.org\/?s={search_term_string}\"},\"query-input\":{\"@type\":\"PropertyValueSpecification\",\"valueRequired\":true,\"valueName\":\"search_term_string\"}}],\"inLanguage\":\"es\"},{\"@type\":\"Person\",\"@id\":\"https:\/\/delegacionelnpaz.org\/#\/schema\/person\/f8e01983df8d870bed769af7e9b61e00\",\"name\":\"Edwin\",\"url\":\"https:\/\/delegacionelnpaz.org\/?author=6\"}]}<\/script>\n<!-- \/ Yoast SEO plugin. -->","yoast_head_json":{"title":"Comunicado Conjunto Nro. 22 - Delegaci\u00f3n de di\u00e1logos ELN PAZ","robots":{"index":"index","follow":"follow","max-snippet":"max-snippet:-1","max-image-preview":"max-image-preview:large","max-video-preview":"max-video-preview:-1"},"canonical":"https:\/\/delegacionelnpaz.org\/?p=712","og_locale":"es_ES","og_type":"article","og_title":"Comunicado Conjunto Nro. 22 - Delegaci\u00f3n de di\u00e1logos ELN PAZ","og_description":"Mesa de Di\u00e1logos para la Paz entre el Gobierno de la Rep\u00fablica de Colombia y el Ej\u00e9rcito de Liberaci\u00f3n Nacional \u2013 ELN Las delegaciones de di\u00e1logo de paz del Gobierno...","og_url":"https:\/\/delegacionelnpaz.org\/?p=712","og_site_name":"Delegaci\u00f3n de di\u00e1logos ELN PAZ","article_published_time":"2024-02-26T13:05:17+00:00","article_modified_time":"2024-03-16T13:07:04+00:00","author":"Edwin","twitter_card":"summary_large_image","twitter_misc":{"Escrito por":"Edwin","Tiempo de lectura":"2 minutos"},"schema":{"@context":"https:\/\/schema.org","@graph":[{"@type":"WebPage","@id":"https:\/\/delegacionelnpaz.org\/?p=712","url":"https:\/\/delegacionelnpaz.org\/?p=712","name":"Comunicado Conjunto Nro. 22 - Delegaci\u00f3n de di\u00e1logos ELN PAZ","isPartOf":{"@id":"https:\/\/delegacionelnpaz.org\/#website"},"datePublished":"2024-02-26T13:05:17+00:00","dateModified":"2024-03-16T13:07:04+00:00","author":{"@id":"https:\/\/delegacionelnpaz.org\/#\/schema\/person\/f8e01983df8d870bed769af7e9b61e00"},"breadcrumb":{"@id":"https:\/\/delegacionelnpaz.org\/?p=712#breadcrumb"},"inLanguage":"es","potentialAction":[{"@type":"ReadAction","target":["https:\/\/delegacionelnpaz.org\/?p=712"]}]},{"@type":"BreadcrumbList","@id":"https:\/\/delegacionelnpaz.org\/?p=712#breadcrumb","itemListElement":[{"@type":"ListItem","position":1,"name":"Portada","item":"https:\/\/delegacionelnpaz.org\/"},{"@type":"ListItem","position":2,"name":"Comunicado Conjunto Nro. 22"}]},{"@type":"WebSite","@id":"https:\/\/delegacionelnpaz.org\/#website","url":"https:\/\/delegacionelnpaz.org\/","name":"Delegaci\u00f3n de di\u00e1logos ELN PAZ","description":"ELN PAZ","potentialAction":[{"@type":"SearchAction","target":{"@type":"EntryPoint","urlTemplate":"https:\/\/delegacionelnpaz.org\/?s={search_term_string}"},"query-input":{"@type":"PropertyValueSpecification","valueRequired":true,"valueName":"search_term_string"}}],"inLanguage":"es"},{"@type":"Person","@id":"https:\/\/delegacionelnpaz.org\/#\/schema\/person\/f8e01983df8d870bed769af7e9b61e00","name":"Edwin","url":"https:\/\/delegacionelnpaz.org\/?author=6"}]}},"_links":{"self":[{"href":"https:\/\/delegacionelnpaz.org\/index.php?rest_route=\/wp\/v2\/posts\/712","targetHints":{"allow":["GET"]}}],"collection":[{"href":"https:\/\/delegacionelnpaz.org\/index.php?rest_route=\/wp\/v2\/posts"}],"about":[{"href":"https:\/\/delegacionelnpaz.org\/index.php?rest_route=\/wp\/v2\/types\/post"}],"author":[{"embeddable":true,"href":"https:\/\/delegacionelnpaz.org\/index.php?rest_route=\/wp\/v2\/users\/6"}],"replies":[{"embeddable":true,"href":"https:\/\/delegacionelnpaz.org\/index.php?rest_route=%2Fwp%2Fv2%2Fcomments&post=712"}],"version-history":[{"count":2,"href":"https:\/\/delegacionelnpaz.org\/index.php?rest_route=\/wp\/v2\/posts\/712\/revisions"}],"predecessor-version":[{"id":714,"href":"https:\/\/delegacionelnpaz.org\/index.php?rest_route=\/wp\/v2\/posts\/712\/revisions\/714"}],"wp:attachment":[{"href":"https:\/\/delegacionelnpaz.org\/index.php?rest_route=%2Fwp%2Fv2%2Fmedia&parent=712"}],"wp:term":[{"taxonomy":"category","embeddable":true,"href":"https:\/\/delegacionelnpaz.org\/index.php?rest_route=%2Fwp%2Fv2%2Fcategories&post=712"},{"taxonomy":"post_tag","embeddable":true,"href":"https:\/\/delegacionelnpaz.org\/index.php?rest_route=%2Fwp%2Fv2%2Ftags&post=712"}],"curies":[{"name":"wp","href":"https:\/\/api.w.org\/{rel}","templated":true}]}}