{"id":723,"date":"2024-04-22T21:53:16","date_gmt":"2024-04-22T21:53:16","guid":{"rendered":"https:\/\/delegacionelnpaz.org\/?p=723"},"modified":"2024-04-22T21:57:40","modified_gmt":"2024-04-22T21:57:40","slug":"comunicado-conjunto-n-23","status":"publish","type":"post","link":"https:\/\/delegacionelnpaz.org\/?p=723","title":{"rendered":"COMUNICADO CONJUNTO N\u00b0 23"},"content":{"rendered":"<p>Del 20 al 25 de mayo de 2024, la Mesa de Di\u00e1logos para la Paz entre el Gobierno de la<br \/>\nRep\u00fablica de Colombia y el Ejercito de Liberaci\u00f3n Nacional \u2013 ELN, se reunir\u00e1 en<br \/>\nCaracas, Rep\u00fablica Bolivariana de Venezuela, para recibir el informe ejecutivo del<br \/>\nModelo de Participaci\u00f3n, Plan Nacional de Participaci\u00f3n y Recomendaciones, as\u00ed como<br \/>\nfirmar el acuerdo sobre el primer punto de la Agenda de Di\u00e1logos.<\/p>\n<p>Agradecemos al pueblo y al gobierno de la Rep\u00fablica Bolivariana de Venezuela por<br \/>\nacoger las labores de la Mesa de Di\u00e1logos para la Paz, as\u00ed como la ayuda de los pa\u00edses<br \/>\ngarantes, de los acompa\u00f1antes permanentes y del Grupo de Pa\u00edses de Apoyo,<br \/>\nAcompa\u00f1amiento y Cooperaci\u00f3n (GPAAC).<\/p>\n<p>Caracas, Rep\u00fablica Bolivariana de Venezuela, 22 de abril de 2024.<\/p>\n<p><img loading=\"lazy\" decoding=\"async\" class=\"alignnone size-medium wp-image-725\" src=\"https:\/\/delegacionelnpaz.org\/wp-content\/uploads\/2024\/04\/COMUNICADO-NRO.-23-VF-212x300.jpeg\" alt=\"\" width=\"212\" height=\"300\" srcset=\"https:\/\/delegacionelnpaz.org\/wp-content\/uploads\/2024\/04\/COMUNICADO-NRO.-23-VF-212x300.jpeg 212w, https:\/\/delegacionelnpaz.org\/wp-content\/uploads\/2024\/04\/COMUNICADO-NRO.-23-VF-724x1024.jpeg 724w, https:\/\/delegacionelnpaz.org\/wp-content\/uploads\/2024\/04\/COMUNICADO-NRO.-23-VF-768x1087.jpeg 768w, https:\/\/delegacionelnpaz.org\/wp-content\/uploads\/2024\/04\/COMUNICADO-NRO.-23-VF.jpeg 826w\" sizes=\"auto, (max-width: 212px) 100vw, 212px\" \/><\/p>\n","protected":false},"excerpt":{"rendered":"<p>Del 20 al 25 de mayo de 2024, la Mesa de Di\u00e1logos para la Paz entre el Gobierno de la Rep\u00fablica de Colombia y el Ejercito de Liberaci\u00f3n Nacional \u2013&#8230;<\/p>\n","protected":false},"author":6,"featured_media":724,"comment_status":"closed","ping_status":"closed","sticky":false,"template":"","format":"standard","meta":{"footnotes":""},"categories":[1,10,3],"tags":[],"class_list":{"0":"post-723","1":"post","2":"type-post","3":"status-publish","4":"format-standard","5":"has-post-thumbnail","7":"category-actualidad","8":"category-comunicados-conjuntos","9":"category-documentacion"},"yoast_head":"<!-- This site is optimized with the Yoast SEO plugin v23.6 - https:\/\/yoast.com\/wordpress\/plugins\/seo\/ -->\n<title>COMUNICADO CONJUNTO N\u00b0 23 - Delegaci\u00f3n de di\u00e1logos ELN PAZ<\/title>\n<meta name=\"robots\" content=\"index, follow, max-snippet:-1, max-image-preview:large, max-video-preview:-1\" \/>\n<link rel=\"canonical\" href=\"https:\/\/delegacionelnpaz.org\/?p=723\" \/>\n<meta property=\"og:locale\" content=\"es_ES\" \/>\n<meta property=\"og:type\" content=\"article\" \/>\n<meta property=\"og:title\" content=\"COMUNICADO CONJUNTO N\u00b0 23 - Delegaci\u00f3n de di\u00e1logos ELN PAZ\" \/>\n<meta property=\"og:description\" content=\"Del 20 al 25 de mayo de 2024, la Mesa de Di\u00e1logos para la Paz entre el Gobierno de la Rep\u00fablica de Colombia y el Ejercito de Liberaci\u00f3n Nacional \u2013...\" \/>\n<meta property=\"og:url\" content=\"https:\/\/delegacionelnpaz.org\/?p=723\" \/>\n<meta property=\"og:site_name\" content=\"Delegaci\u00f3n de di\u00e1logos ELN PAZ\" \/>\n<meta property=\"article:published_time\" content=\"2024-04-22T21:53:16+00:00\" \/>\n<meta property=\"article:modified_time\" content=\"2024-04-22T21:57:40+00:00\" \/>\n<meta property=\"og:image\" content=\"https:\/\/delegacionelnpaz.org\/wp-content\/uploads\/2024\/04\/220424-clausura-reuinon2-e1713822987988.jpeg\" \/>\n\t<meta property=\"og:image:width\" content=\"400\" \/>\n\t<meta property=\"og:image:height\" content=\"283\" \/>\n\t<meta property=\"og:image:type\" content=\"image\/jpeg\" \/>\n<meta name=\"author\" content=\"Edwin\" \/>\n<meta name=\"twitter:card\" content=\"summary_large_image\" \/>\n<meta name=\"twitter:label1\" content=\"Escrito por\" \/>\n\t<meta name=\"twitter:data1\" content=\"Edwin\" \/>\n\t<meta name=\"twitter:label2\" content=\"Tiempo de lectura\" \/>\n\t<meta name=\"twitter:data2\" content=\"1 minuto\" \/>\n<script type=\"application\/ld+json\" class=\"yoast-schema-graph\">{\"@context\":\"https:\/\/schema.org\",\"@graph\":[{\"@type\":\"WebPage\",\"@id\":\"https:\/\/delegacionelnpaz.org\/?p=723\",\"url\":\"https:\/\/delegacionelnpaz.org\/?p=723\",\"name\":\"COMUNICADO CONJUNTO N\u00b0 23 - Delegaci\u00f3n de di\u00e1logos ELN PAZ\",\"isPartOf\":{\"@id\":\"https:\/\/delegacionelnpaz.org\/#website\"},\"primaryImageOfPage\":{\"@id\":\"https:\/\/delegacionelnpaz.org\/?p=723#primaryimage\"},\"image\":{\"@id\":\"https:\/\/delegacionelnpaz.org\/?p=723#primaryimage\"},\"thumbnailUrl\":\"https:\/\/delegacionelnpaz.org\/wp-content\/uploads\/2024\/04\/220424-clausura-reuinon2-e1713822987988.jpeg\",\"datePublished\":\"2024-04-22T21:53:16+00:00\",\"dateModified\":\"2024-04-22T21:57:40+00:00\",\"author\":{\"@id\":\"https:\/\/delegacionelnpaz.org\/#\/schema\/person\/f8e01983df8d870bed769af7e9b61e00\"},\"breadcrumb\":{\"@id\":\"https:\/\/delegacionelnpaz.org\/?p=723#breadcrumb\"},\"inLanguage\":\"es\",\"potentialAction\":[{\"@type\":\"ReadAction\",\"target\":[\"https:\/\/delegacionelnpaz.org\/?p=723\"]}]},{\"@type\":\"ImageObject\",\"inLanguage\":\"es\",\"@id\":\"https:\/\/delegacionelnpaz.org\/?p=723#primaryimage\",\"url\":\"https:\/\/delegacionelnpaz.org\/wp-content\/uploads\/2024\/04\/220424-clausura-reuinon2-e1713822987988.jpeg\",\"contentUrl\":\"https:\/\/delegacionelnpaz.org\/wp-content\/uploads\/2024\/04\/220424-clausura-reuinon2-e1713822987988.jpeg\",\"width\":400,\"height\":283},{\"@type\":\"BreadcrumbList\",\"@id\":\"https:\/\/delegacionelnpaz.org\/?p=723#breadcrumb\",\"itemListElement\":[{\"@type\":\"ListItem\",\"position\":1,\"name\":\"Portada\",\"item\":\"https:\/\/delegacionelnpaz.org\/\"},{\"@type\":\"ListItem\",\"position\":2,\"name\":\"COMUNICADO CONJUNTO N\u00b0 23\"}]},{\"@type\":\"WebSite\",\"@id\":\"https:\/\/delegacionelnpaz.org\/#website\",\"url\":\"https:\/\/delegacionelnpaz.org\/\",\"name\":\"Delegaci\u00f3n de di\u00e1logos ELN PAZ\",\"description\":\"ELN PAZ\",\"potentialAction\":[{\"@type\":\"SearchAction\",\"target\":{\"@type\":\"EntryPoint\",\"urlTemplate\":\"https:\/\/delegacionelnpaz.org\/?s={search_term_string}\"},\"query-input\":{\"@type\":\"PropertyValueSpecification\",\"valueRequired\":true,\"valueName\":\"search_term_string\"}}],\"inLanguage\":\"es\"},{\"@type\":\"Person\",\"@id\":\"https:\/\/delegacionelnpaz.org\/#\/schema\/person\/f8e01983df8d870bed769af7e9b61e00\",\"name\":\"Edwin\",\"url\":\"https:\/\/delegacionelnpaz.org\/?author=6\"}]}<\/script>\n<!-- \/ Yoast SEO plugin. -->","yoast_head_json":{"title":"COMUNICADO CONJUNTO N\u00b0 23 - Delegaci\u00f3n de di\u00e1logos ELN PAZ","robots":{"index":"index","follow":"follow","max-snippet":"max-snippet:-1","max-image-preview":"max-image-preview:large","max-video-preview":"max-video-preview:-1"},"canonical":"https:\/\/delegacionelnpaz.org\/?p=723","og_locale":"es_ES","og_type":"article","og_title":"COMUNICADO CONJUNTO N\u00b0 23 - Delegaci\u00f3n de di\u00e1logos ELN PAZ","og_description":"Del 20 al 25 de mayo de 2024, la Mesa de Di\u00e1logos para la Paz entre el Gobierno de la Rep\u00fablica de Colombia y el Ejercito de Liberaci\u00f3n Nacional \u2013...","og_url":"https:\/\/delegacionelnpaz.org\/?p=723","og_site_name":"Delegaci\u00f3n de di\u00e1logos ELN PAZ","article_published_time":"2024-04-22T21:53:16+00:00","article_modified_time":"2024-04-22T21:57:40+00:00","og_image":[{"width":400,"height":283,"url":"https:\/\/delegacionelnpaz.org\/wp-content\/uploads\/2024\/04\/220424-clausura-reuinon2-e1713822987988.jpeg","type":"image\/jpeg"}],"author":"Edwin","twitter_card":"summary_large_image","twitter_misc":{"Escrito por":"Edwin","Tiempo de lectura":"1 minuto"},"schema":{"@context":"https:\/\/schema.org","@graph":[{"@type":"WebPage","@id":"https:\/\/delegacionelnpaz.org\/?p=723","url":"https:\/\/delegacionelnpaz.org\/?p=723","name":"COMUNICADO CONJUNTO N\u00b0 23 - Delegaci\u00f3n de di\u00e1logos ELN PAZ","isPartOf":{"@id":"https:\/\/delegacionelnpaz.org\/#website"},"primaryImageOfPage":{"@id":"https:\/\/delegacionelnpaz.org\/?p=723#primaryimage"},"image":{"@id":"https:\/\/delegacionelnpaz.org\/?p=723#primaryimage"},"thumbnailUrl":"https:\/\/delegacionelnpaz.org\/wp-content\/uploads\/2024\/04\/220424-clausura-reuinon2-e1713822987988.jpeg","datePublished":"2024-04-22T21:53:16+00:00","dateModified":"2024-04-22T21:57:40+00:00","author":{"@id":"https:\/\/delegacionelnpaz.org\/#\/schema\/person\/f8e01983df8d870bed769af7e9b61e00"},"breadcrumb":{"@id":"https:\/\/delegacionelnpaz.org\/?p=723#breadcrumb"},"inLanguage":"es","potentialAction":[{"@type":"ReadAction","target":["https:\/\/delegacionelnpaz.org\/?p=723"]}]},{"@type":"ImageObject","inLanguage":"es","@id":"https:\/\/delegacionelnpaz.org\/?p=723#primaryimage","url":"https:\/\/delegacionelnpaz.org\/wp-content\/uploads\/2024\/04\/220424-clausura-reuinon2-e1713822987988.jpeg","contentUrl":"https:\/\/delegacionelnpaz.org\/wp-content\/uploads\/2024\/04\/220424-clausura-reuinon2-e1713822987988.jpeg","width":400,"height":283},{"@type":"BreadcrumbList","@id":"https:\/\/delegacionelnpaz.org\/?p=723#breadcrumb","itemListElement":[{"@type":"ListItem","position":1,"name":"Portada","item":"https:\/\/delegacionelnpaz.org\/"},{"@type":"ListItem","position":2,"name":"COMUNICADO CONJUNTO N\u00b0 23"}]},{"@type":"WebSite","@id":"https:\/\/delegacionelnpaz.org\/#website","url":"https:\/\/delegacionelnpaz.org\/","name":"Delegaci\u00f3n de di\u00e1logos ELN PAZ","description":"ELN PAZ","potentialAction":[{"@type":"SearchAction","target":{"@type":"EntryPoint","urlTemplate":"https:\/\/delegacionelnpaz.org\/?s={search_term_string}"},"query-input":{"@type":"PropertyValueSpecification","valueRequired":true,"valueName":"search_term_string"}}],"inLanguage":"es"},{"@type":"Person","@id":"https:\/\/delegacionelnpaz.org\/#\/schema\/person\/f8e01983df8d870bed769af7e9b61e00","name":"Edwin","url":"https:\/\/delegacionelnpaz.org\/?author=6"}]}},"_links":{"self":[{"href":"https:\/\/delegacionelnpaz.org\/index.php?rest_route=\/wp\/v2\/posts\/723","targetHints":{"allow":["GET"]}}],"collection":[{"href":"https:\/\/delegacionelnpaz.org\/index.php?rest_route=\/wp\/v2\/posts"}],"about":[{"href":"https:\/\/delegacionelnpaz.org\/index.php?rest_route=\/wp\/v2\/types\/post"}],"author":[{"embeddable":true,"href":"https:\/\/delegacionelnpaz.org\/index.php?rest_route=\/wp\/v2\/users\/6"}],"replies":[{"embeddable":true,"href":"https:\/\/delegacionelnpaz.org\/index.php?rest_route=%2Fwp%2Fv2%2Fcomments&post=723"}],"version-history":[{"count":2,"href":"https:\/\/delegacionelnpaz.org\/index.php?rest_route=\/wp\/v2\/posts\/723\/revisions"}],"predecessor-version":[{"id":727,"href":"https:\/\/delegacionelnpaz.org\/index.php?rest_route=\/wp\/v2\/posts\/723\/revisions\/727"}],"wp:featuredmedia":[{"embeddable":true,"href":"https:\/\/delegacionelnpaz.org\/index.php?rest_route=\/wp\/v2\/media\/724"}],"wp:attachment":[{"href":"https:\/\/delegacionelnpaz.org\/index.php?rest_route=%2Fwp%2Fv2%2Fmedia&parent=723"}],"wp:term":[{"taxonomy":"category","embeddable":true,"href":"https:\/\/delegacionelnpaz.org\/index.php?rest_route=%2Fwp%2Fv2%2Fcategories&post=723"},{"taxonomy":"post_tag","embeddable":true,"href":"https:\/\/delegacionelnpaz.org\/index.php?rest_route=%2Fwp%2Fv2%2Ftags&post=723"}],"curies":[{"name":"wp","href":"https:\/\/api.w.org\/{rel}","templated":true}]}}