{"id":753,"date":"2024-05-25T09:02:44","date_gmt":"2024-05-25T09:02:44","guid":{"rendered":"https:\/\/delegacionelnpaz.org\/?p=753"},"modified":"2024-05-26T09:03:33","modified_gmt":"2024-05-26T09:03:33","slug":"comunicado-conjunto-n-27","status":"publish","type":"post","link":"https:\/\/delegacionelnpaz.org\/?p=753","title":{"rendered":"COMUNICADO CONJUNTO N\u00b0 27"},"content":{"rendered":"<p class=\"western\" align=\"center\"><span style=\"font-family: Times New Roman, serif;\"><span style=\"font-size: medium;\"><span lang=\"es-CO\"><b>MESA DE DI\u00c1LOGOS PARA LA PAZ ENTRE EL GOBIERNO NACIONAL Y EL EJ\u00c9RCITO DE LIBERACI\u00d3N NACIONAL \u2013 ELN<\/b><\/span><\/span><\/span><\/p>\n<p class=\"western\" align=\"center\"><span style=\"font-family: Times New Roman, serif;\"><span style=\"font-size: medium;\"><span lang=\"es-CO\"><b>COMUNICADO CONJUNTO N<\/b><\/span><\/span><\/span><span style=\"font-family: Times New Roman, serif;\"><span style=\"font-size: medium;\"><span lang=\"es-CO\"><b>\u00b0 27<\/b><\/span><\/span><\/span><\/p>\n<p class=\"western\" align=\"justify\"><span style=\"font-family: Times New Roman, serif;\"><span style=\"font-size: medium;\"><span lang=\"es-CO\">La Mesa de Di\u00e1logos para la Paz entre el Gobierno de Colombia y el Ej\u00e9rcito de Liberaci\u00f3n Nacional \u2013 ELN, reconoce como un paso correcto, aunque insuficiente, la decisi\u00f3n de la Secretar\u00eda de Estado de los Estados Unidos de Am\u00e9rica de retirar a la Rep\u00fablica de Cuba de la \u201clista de pa\u00edses que no cooperan plenamente con los esfuerzos antiterroristas\u201d. <\/span><\/span><\/span><\/p>\n<p class=\"western\" align=\"justify\"><span style=\"font-family: Times New Roman, serif;\"><span style=\"font-size: medium;\"><span lang=\"es-CO\">Sin embargo, reiteramos la solicitud de que la Rep\u00fablica de Cuba sea retirada plenamente de la \u201clista de pa\u00edses que patrocinan el terrorismo\u201d; pues a\u00fan Cuba permanece en la lista que incluye todas las sanciones, lo que es contradictorio e impresentable.<\/span><\/span><\/span><\/p>\n<p class=\"western\" align=\"justify\"><span style=\"font-family: Times New Roman, serif;\"><span style=\"font-size: medium;\"><span lang=\"es-CO\">Ning\u00fan pa\u00eds puede ser sometido a sanciones por cumplir integralmente su labor de garante de un proceso de paz.<\/span><\/span><\/span><\/p>\n<p class=\"western\" align=\"justify\"><span style=\"font-family: Times New Roman, serif;\"><span style=\"font-size: medium;\"><span lang=\"es-CO\">Ambas delegaciones solicitamos el levantamiento inmediato e incondicional de las medidas y sanciones econ\u00f3micas y pol\u00edticas que de manera grave afectan la soberan\u00eda y el bienestar integral de su poblaci\u00f3n. <\/span><\/span><\/span><\/p>\n<p class=\"western\" align=\"justify\"><span style=\"font-family: Times New Roman, serif;\"><span style=\"font-size: medium;\"><span lang=\"es-CO\">Agradecemos la generosidad y acompa\u00f1amiento permanente del Gobierno y del pueblo de la Rep\u00fablica de Cuba al ofrecer sus oficios y su territorio para la b\u00fasqueda de la paz en Colombia. <\/span><\/span><\/span><\/p>\n<p class=\"western\" align=\"justify\"><span style=\"font-family: Times New Roman, serif;\"><span style=\"font-size: medium;\"><span lang=\"es-CO\">Caracas, Rep\u00fablica Bolivariana de Venezuela, 25 de mayo de 2024.<\/span><\/span><\/span><\/p>\n<p class=\"western\" align=\"justify\"><img loading=\"lazy\" decoding=\"async\" class=\" wp-image-754 aligncenter\" src=\"https:\/\/delegacionelnpaz.org\/wp-content\/uploads\/2024\/05\/COMUNICADO-NRO.-27-CARACAS-PROPUESTA-COMPLEMENTO-ELN-232x300.jpg\" alt=\"\" width=\"399\" height=\"516\" srcset=\"https:\/\/delegacionelnpaz.org\/wp-content\/uploads\/2024\/05\/COMUNICADO-NRO.-27-CARACAS-PROPUESTA-COMPLEMENTO-ELN-232x300.jpg 232w, https:\/\/delegacionelnpaz.org\/wp-content\/uploads\/2024\/05\/COMUNICADO-NRO.-27-CARACAS-PROPUESTA-COMPLEMENTO-ELN-792x1024.jpg 792w, https:\/\/delegacionelnpaz.org\/wp-content\/uploads\/2024\/05\/COMUNICADO-NRO.-27-CARACAS-PROPUESTA-COMPLEMENTO-ELN-768x993.jpg 768w, https:\/\/delegacionelnpaz.org\/wp-content\/uploads\/2024\/05\/COMUNICADO-NRO.-27-CARACAS-PROPUESTA-COMPLEMENTO-ELN.jpg 894w\" sizes=\"auto, (max-width: 399px) 100vw, 399px\" \/><\/p>\n","protected":false},"excerpt":{"rendered":"<p>MESA DE DI\u00c1LOGOS PARA LA PAZ ENTRE EL GOBIERNO NACIONAL Y EL EJ\u00c9RCITO DE LIBERACI\u00d3N NACIONAL \u2013 ELN COMUNICADO CONJUNTO N\u00b0 27 La Mesa de Di\u00e1logos para la Paz entre&#8230;<\/p>\n","protected":false},"author":6,"featured_media":0,"comment_status":"closed","ping_status":"closed","sticky":false,"template":"","format":"standard","meta":{"footnotes":""},"categories":[10,3],"tags":[38,9,57,13,23],"class_list":{"0":"post-753","1":"post","2":"type-post","3":"status-publish","4":"format-standard","6":"category-comunicados-conjuntos","7":"category-documentacion","8":"tag-comunicado-conjunto","9":"tag-cuba","10":"tag-dialogos-de-paz","11":"tag-eln","12":"tag-paz"},"yoast_head":"<!-- This site is optimized with the Yoast SEO plugin v23.6 - https:\/\/yoast.com\/wordpress\/plugins\/seo\/ -->\n<title>COMUNICADO CONJUNTO N\u00b0 27 - Delegaci\u00f3n de di\u00e1logos ELN PAZ<\/title>\n<meta name=\"robots\" content=\"index, follow, max-snippet:-1, max-image-preview:large, max-video-preview:-1\" \/>\n<link rel=\"canonical\" href=\"https:\/\/delegacionelnpaz.org\/?p=753\" \/>\n<meta property=\"og:locale\" content=\"es_ES\" \/>\n<meta property=\"og:type\" content=\"article\" \/>\n<meta property=\"og:title\" content=\"COMUNICADO CONJUNTO N\u00b0 27 - Delegaci\u00f3n de di\u00e1logos ELN PAZ\" \/>\n<meta property=\"og:description\" content=\"MESA DE DI\u00c1LOGOS PARA LA PAZ ENTRE EL GOBIERNO NACIONAL Y EL EJ\u00c9RCITO DE LIBERACI\u00d3N NACIONAL \u2013 ELN COMUNICADO CONJUNTO N\u00b0 27 La Mesa de Di\u00e1logos para la Paz entre...\" \/>\n<meta property=\"og:url\" content=\"https:\/\/delegacionelnpaz.org\/?p=753\" \/>\n<meta property=\"og:site_name\" content=\"Delegaci\u00f3n de di\u00e1logos ELN PAZ\" \/>\n<meta property=\"article:published_time\" content=\"2024-05-25T09:02:44+00:00\" \/>\n<meta property=\"article:modified_time\" content=\"2024-05-26T09:03:33+00:00\" \/>\n<meta property=\"og:image\" content=\"https:\/\/delegacionelnpaz.org\/wp-content\/uploads\/2024\/05\/COMUNICADO-NRO.-27-CARACAS-PROPUESTA-COMPLEMENTO-ELN-232x300.jpg\" \/>\n<meta name=\"author\" content=\"Edwin\" \/>\n<meta name=\"twitter:card\" content=\"summary_large_image\" \/>\n<meta name=\"twitter:label1\" content=\"Escrito por\" \/>\n\t<meta name=\"twitter:data1\" content=\"Edwin\" \/>\n\t<meta name=\"twitter:label2\" content=\"Tiempo de lectura\" \/>\n\t<meta name=\"twitter:data2\" content=\"2 minutos\" \/>\n<script type=\"application\/ld+json\" class=\"yoast-schema-graph\">{\"@context\":\"https:\/\/schema.org\",\"@graph\":[{\"@type\":\"WebPage\",\"@id\":\"https:\/\/delegacionelnpaz.org\/?p=753\",\"url\":\"https:\/\/delegacionelnpaz.org\/?p=753\",\"name\":\"COMUNICADO CONJUNTO N\u00b0 27 - Delegaci\u00f3n de di\u00e1logos ELN PAZ\",\"isPartOf\":{\"@id\":\"https:\/\/delegacionelnpaz.org\/#website\"},\"primaryImageOfPage\":{\"@id\":\"https:\/\/delegacionelnpaz.org\/?p=753#primaryimage\"},\"image\":{\"@id\":\"https:\/\/delegacionelnpaz.org\/?p=753#primaryimage\"},\"thumbnailUrl\":\"https:\/\/delegacionelnpaz.org\/wp-content\/uploads\/2024\/05\/COMUNICADO-NRO.-27-CARACAS-PROPUESTA-COMPLEMENTO-ELN-232x300.jpg\",\"datePublished\":\"2024-05-25T09:02:44+00:00\",\"dateModified\":\"2024-05-26T09:03:33+00:00\",\"author\":{\"@id\":\"https:\/\/delegacionelnpaz.org\/#\/schema\/person\/f8e01983df8d870bed769af7e9b61e00\"},\"breadcrumb\":{\"@id\":\"https:\/\/delegacionelnpaz.org\/?p=753#breadcrumb\"},\"inLanguage\":\"es\",\"potentialAction\":[{\"@type\":\"ReadAction\",\"target\":[\"https:\/\/delegacionelnpaz.org\/?p=753\"]}]},{\"@type\":\"ImageObject\",\"inLanguage\":\"es\",\"@id\":\"https:\/\/delegacionelnpaz.org\/?p=753#primaryimage\",\"url\":\"https:\/\/delegacionelnpaz.org\/wp-content\/uploads\/2024\/05\/COMUNICADO-NRO.-27-CARACAS-PROPUESTA-COMPLEMENTO-ELN.jpg\",\"contentUrl\":\"https:\/\/delegacionelnpaz.org\/wp-content\/uploads\/2024\/05\/COMUNICADO-NRO.-27-CARACAS-PROPUESTA-COMPLEMENTO-ELN.jpg\",\"width\":894,\"height\":1156},{\"@type\":\"BreadcrumbList\",\"@id\":\"https:\/\/delegacionelnpaz.org\/?p=753#breadcrumb\",\"itemListElement\":[{\"@type\":\"ListItem\",\"position\":1,\"name\":\"Portada\",\"item\":\"https:\/\/delegacionelnpaz.org\/\"},{\"@type\":\"ListItem\",\"position\":2,\"name\":\"COMUNICADO CONJUNTO N\u00b0 27\"}]},{\"@type\":\"WebSite\",\"@id\":\"https:\/\/delegacionelnpaz.org\/#website\",\"url\":\"https:\/\/delegacionelnpaz.org\/\",\"name\":\"Delegaci\u00f3n de di\u00e1logos ELN PAZ\",\"description\":\"ELN PAZ\",\"potentialAction\":[{\"@type\":\"SearchAction\",\"target\":{\"@type\":\"EntryPoint\",\"urlTemplate\":\"https:\/\/delegacionelnpaz.org\/?s={search_term_string}\"},\"query-input\":{\"@type\":\"PropertyValueSpecification\",\"valueRequired\":true,\"valueName\":\"search_term_string\"}}],\"inLanguage\":\"es\"},{\"@type\":\"Person\",\"@id\":\"https:\/\/delegacionelnpaz.org\/#\/schema\/person\/f8e01983df8d870bed769af7e9b61e00\",\"name\":\"Edwin\",\"url\":\"https:\/\/delegacionelnpaz.org\/?author=6\"}]}<\/script>\n<!-- \/ Yoast SEO plugin. -->","yoast_head_json":{"title":"COMUNICADO CONJUNTO N\u00b0 27 - Delegaci\u00f3n de di\u00e1logos ELN PAZ","robots":{"index":"index","follow":"follow","max-snippet":"max-snippet:-1","max-image-preview":"max-image-preview:large","max-video-preview":"max-video-preview:-1"},"canonical":"https:\/\/delegacionelnpaz.org\/?p=753","og_locale":"es_ES","og_type":"article","og_title":"COMUNICADO CONJUNTO N\u00b0 27 - Delegaci\u00f3n de di\u00e1logos ELN PAZ","og_description":"MESA DE DI\u00c1LOGOS PARA LA PAZ ENTRE EL GOBIERNO NACIONAL Y EL EJ\u00c9RCITO DE LIBERACI\u00d3N NACIONAL \u2013 ELN COMUNICADO CONJUNTO N\u00b0 27 La Mesa de Di\u00e1logos para la Paz entre...","og_url":"https:\/\/delegacionelnpaz.org\/?p=753","og_site_name":"Delegaci\u00f3n de di\u00e1logos ELN PAZ","article_published_time":"2024-05-25T09:02:44+00:00","article_modified_time":"2024-05-26T09:03:33+00:00","og_image":[{"url":"https:\/\/delegacionelnpaz.org\/wp-content\/uploads\/2024\/05\/COMUNICADO-NRO.-27-CARACAS-PROPUESTA-COMPLEMENTO-ELN-232x300.jpg"}],"author":"Edwin","twitter_card":"summary_large_image","twitter_misc":{"Escrito por":"Edwin","Tiempo de lectura":"2 minutos"},"schema":{"@context":"https:\/\/schema.org","@graph":[{"@type":"WebPage","@id":"https:\/\/delegacionelnpaz.org\/?p=753","url":"https:\/\/delegacionelnpaz.org\/?p=753","name":"COMUNICADO CONJUNTO N\u00b0 27 - Delegaci\u00f3n de di\u00e1logos ELN PAZ","isPartOf":{"@id":"https:\/\/delegacionelnpaz.org\/#website"},"primaryImageOfPage":{"@id":"https:\/\/delegacionelnpaz.org\/?p=753#primaryimage"},"image":{"@id":"https:\/\/delegacionelnpaz.org\/?p=753#primaryimage"},"thumbnailUrl":"https:\/\/delegacionelnpaz.org\/wp-content\/uploads\/2024\/05\/COMUNICADO-NRO.-27-CARACAS-PROPUESTA-COMPLEMENTO-ELN-232x300.jpg","datePublished":"2024-05-25T09:02:44+00:00","dateModified":"2024-05-26T09:03:33+00:00","author":{"@id":"https:\/\/delegacionelnpaz.org\/#\/schema\/person\/f8e01983df8d870bed769af7e9b61e00"},"breadcrumb":{"@id":"https:\/\/delegacionelnpaz.org\/?p=753#breadcrumb"},"inLanguage":"es","potentialAction":[{"@type":"ReadAction","target":["https:\/\/delegacionelnpaz.org\/?p=753"]}]},{"@type":"ImageObject","inLanguage":"es","@id":"https:\/\/delegacionelnpaz.org\/?p=753#primaryimage","url":"https:\/\/delegacionelnpaz.org\/wp-content\/uploads\/2024\/05\/COMUNICADO-NRO.-27-CARACAS-PROPUESTA-COMPLEMENTO-ELN.jpg","contentUrl":"https:\/\/delegacionelnpaz.org\/wp-content\/uploads\/2024\/05\/COMUNICADO-NRO.-27-CARACAS-PROPUESTA-COMPLEMENTO-ELN.jpg","width":894,"height":1156},{"@type":"BreadcrumbList","@id":"https:\/\/delegacionelnpaz.org\/?p=753#breadcrumb","itemListElement":[{"@type":"ListItem","position":1,"name":"Portada","item":"https:\/\/delegacionelnpaz.org\/"},{"@type":"ListItem","position":2,"name":"COMUNICADO CONJUNTO N\u00b0 27"}]},{"@type":"WebSite","@id":"https:\/\/delegacionelnpaz.org\/#website","url":"https:\/\/delegacionelnpaz.org\/","name":"Delegaci\u00f3n de di\u00e1logos ELN PAZ","description":"ELN PAZ","potentialAction":[{"@type":"SearchAction","target":{"@type":"EntryPoint","urlTemplate":"https:\/\/delegacionelnpaz.org\/?s={search_term_string}"},"query-input":{"@type":"PropertyValueSpecification","valueRequired":true,"valueName":"search_term_string"}}],"inLanguage":"es"},{"@type":"Person","@id":"https:\/\/delegacionelnpaz.org\/#\/schema\/person\/f8e01983df8d870bed769af7e9b61e00","name":"Edwin","url":"https:\/\/delegacionelnpaz.org\/?author=6"}]}},"_links":{"self":[{"href":"https:\/\/delegacionelnpaz.org\/index.php?rest_route=\/wp\/v2\/posts\/753","targetHints":{"allow":["GET"]}}],"collection":[{"href":"https:\/\/delegacionelnpaz.org\/index.php?rest_route=\/wp\/v2\/posts"}],"about":[{"href":"https:\/\/delegacionelnpaz.org\/index.php?rest_route=\/wp\/v2\/types\/post"}],"author":[{"embeddable":true,"href":"https:\/\/delegacionelnpaz.org\/index.php?rest_route=\/wp\/v2\/users\/6"}],"replies":[{"embeddable":true,"href":"https:\/\/delegacionelnpaz.org\/index.php?rest_route=%2Fwp%2Fv2%2Fcomments&post=753"}],"version-history":[{"count":3,"href":"https:\/\/delegacionelnpaz.org\/index.php?rest_route=\/wp\/v2\/posts\/753\/revisions"}],"predecessor-version":[{"id":757,"href":"https:\/\/delegacionelnpaz.org\/index.php?rest_route=\/wp\/v2\/posts\/753\/revisions\/757"}],"wp:attachment":[{"href":"https:\/\/delegacionelnpaz.org\/index.php?rest_route=%2Fwp%2Fv2%2Fmedia&parent=753"}],"wp:term":[{"taxonomy":"category","embeddable":true,"href":"https:\/\/delegacionelnpaz.org\/index.php?rest_route=%2Fwp%2Fv2%2Fcategories&post=753"},{"taxonomy":"post_tag","embeddable":true,"href":"https:\/\/delegacionelnpaz.org\/index.php?rest_route=%2Fwp%2Fv2%2Ftags&post=753"}],"curies":[{"name":"wp","href":"https:\/\/api.w.org\/{rel}","templated":true}]}}