{"id":99,"date":"2022-11-25T22:52:23","date_gmt":"2022-11-25T22:52:23","guid":{"rendered":"https:\/\/delegacionelnpaz.org\/?p=99"},"modified":"2023-08-14T20:41:33","modified_gmt":"2023-08-14T20:41:33","slug":"primeros-tres-acuerdos-de-waraira-repano","status":"publish","type":"post","link":"https:\/\/delegacionelnpaz.org\/?p=99","title":{"rendered":"(2) Primeros tres acuerdos de Waraira Repano"},"content":{"rendered":"<p style=\"text-align: center;\">MESA DE DI\u00c1LOGOS DE PAZ | GOBIERNO DE COLOMBIA Y EJ\u00c9RCITO DE LIBERACI\u00d3N NACIONAL &#8211; ELN<\/p>\n<p style=\"text-align: center;\">COMUNICADO CONJUNTO N\u00ba2<\/p>\n<hr \/>\n<p style=\"text-align: center;\">25 de noviembre de 2022<\/p>\n<p>Una vez instalada la Mesa de Di\u00e1logos el 21 de noviembre de 2022 en cumplimiento del compromiso adquirido el 4 de octubre entre el Gobierno de la Rep\u00fablica de Colombia y el Ej\u00e9rcito de Liberaci\u00f3n Nacional \u2013 ELN, las delegaciones iniciaron su trabajo. Las deliberaciones se desarrollaron en la cima del cerro tutelar de Caracas, Waraira Repano, en un ambiente de confianza y optimismo, con la presencia de los pa\u00edses Garantes (Rep\u00fablica de Cuba, Reino de Noruega y Rep\u00fablica Bolivariana de Venezuela), y con el acompa\u00f1amiento de la ONU y la Iglesia Cat\u00f3lica.<\/p>\n<p>Al concluir la primera semana de conversaciones, las partes llegaron a los siguientes tres acuerdos:<\/p>\n<ol>\n<li><strong>Pa\u00edses garantes y acompa\u00f1antes. <\/strong><\/li>\n<\/ol>\n<p>De acuerdo con su voluntad manifiesta se ratificaron a la Rep\u00fablica de Cuba, al Reino de Noruega y a la Rep\u00fablica Bolivariana de Venezuela como pa\u00edses garantes. Se acord\u00f3 invitar a la Rep\u00fablica Federativa de Brasil, la Rep\u00fablica de Chile y a los Estados Unidos de Mexicanos para definir su participaci\u00f3n en este proceso como pa\u00edses garantes.<\/p>\n<p>Se formalizaron como acompa\u00f1antes de la Mesa de Di\u00e1logos y del proceso, el Secretario General de las Naciones Unidas a trav\u00e9s de su Representante Especial en Colombia y la Conferencia Episcopal de Colombia.<\/p>\n<p>Se acord\u00f3 invitar a Alemania, Suecia, Suiza y Espa\u00f1a para que consideren su participaci\u00f3n en este proceso como pa\u00edses acompa\u00f1antes y a su vez conocer su disposici\u00f3n para reactivar el Grupo de Pa\u00edses de acompa\u00f1amiento, apoyo y cooperaci\u00f3n, GPAAC.<\/p>\n<p>Se acord\u00f3 adelantar acciones diplom\u00e1ticas con el Gobierno de los Estados Unidos de Am\u00e9rica, para conocer su disposici\u00f3n a participar en este proceso mediante un enviado especial a la Mesa de Di\u00e1logos.<\/p>\n<ol start=\"2\">\n<li><strong>Acciones y din\u00e1micas humanitarias.<\/strong><\/li>\n<\/ol>\n<p>Se acord\u00f3 retomar el punto de los acuerdos correspondiente a la Agenda establecida en el mes de marzo de 2016, respecto de las \u201cAcciones y din\u00e1micas humanitarias\u201d, para lo cual se adelantar\u00e1n en el corto plazo procesos de alivios humanitarios: Para esto, se conformar\u00e1 un mecanismo de la Mesa de Di\u00e1logos que cuente con el acompa\u00f1amiento de la Misi\u00f3n de Verificaci\u00f3n de las Naciones Unidas y la Iglesia.<\/p>\n<ol start=\"3\">\n<li><strong>Declaraciones y comunicaciones conjuntas.<\/strong><\/li>\n<\/ol>\n<p>Se conform\u00f3 un equipo conjunto de comunicaci\u00f3n para informar de manera objetiva, oportuna, clara y transparente. sobre el desarrollo y avances del proceso de dialogo.<\/p>\n<p>Mesa de Di\u00e1logos entre el Gobierno Nacional de Colombia y el Ej\u00e9rcito de Liberaci\u00f3n Nacional \u2013 ELN<\/p>\n<p><img loading=\"lazy\" decoding=\"async\" class=\"alignnone wp-image-97 size-large\" src=\"https:\/\/delegacionelnpaz.org\/wp-content\/uploads\/2022\/10\/Foto2-1024x690.png\" alt=\"\" width=\"1024\" height=\"690\" srcset=\"https:\/\/delegacionelnpaz.org\/wp-content\/uploads\/2022\/10\/Foto2-1024x690.png 1024w, https:\/\/delegacionelnpaz.org\/wp-content\/uploads\/2022\/10\/Foto2-300x202.png 300w, https:\/\/delegacionelnpaz.org\/wp-content\/uploads\/2022\/10\/Foto2-768x518.png 768w, https:\/\/delegacionelnpaz.org\/wp-content\/uploads\/2022\/10\/Foto2-1536x1035.png 1536w, https:\/\/delegacionelnpaz.org\/wp-content\/uploads\/2022\/10\/Foto2-600x403.png 600w, https:\/\/delegacionelnpaz.org\/wp-content\/uploads\/2022\/10\/Foto2-400x269.png 400w, https:\/\/delegacionelnpaz.org\/wp-content\/uploads\/2022\/10\/Foto2.png 1932w\" sizes=\"auto, (max-width: 1024px) 100vw, 1024px\" \/><\/p>\n<p>Waraira Repano, 25 de noviembre de 2022<\/p>\n<p>&nbsp;<\/p>\n<p>&nbsp;<\/p>\n<p>&nbsp;<\/p>\n<p>&nbsp;<\/p>\n<p>&nbsp;<\/p>\n<p>&nbsp;<\/p>\n<p>&nbsp;<\/p>\n<p>&nbsp;<\/p>\n<p>&nbsp;<\/p>\n<p>&nbsp;<\/p>\n<p>&nbsp;<\/p>\n<p>&nbsp;<\/p>\n<p>&nbsp;<\/p>\n<p>&nbsp;<\/p>\n<p>&nbsp;<\/p>\n<p>&nbsp;<\/p>\n<p>&nbsp;<\/p>\n<p>&nbsp;<\/p>\n<p>&nbsp;<\/p>\n<p>&nbsp;<\/p>\n<p>&nbsp;<\/p>\n<p>&nbsp;<\/p>\n<p>&nbsp;<\/p>\n<p>&nbsp;<\/p>\n<p>&nbsp;<\/p>\n","protected":false},"excerpt":{"rendered":"<p>MESA DE DI\u00c1LOGOS DE PAZ | GOBIERNO DE COLOMBIA Y EJ\u00c9RCITO DE LIBERACI\u00d3N NACIONAL &#8211; ELN COMUNICADO CONJUNTO N\u00ba2 25 de noviembre de 2022 Una vez instalada la Mesa de&#8230;<\/p>\n","protected":false},"author":2,"featured_media":110,"comment_status":"closed","ping_status":"closed","sticky":false,"template":"","format":"standard","meta":{"footnotes":""},"categories":[10],"tags":[],"class_list":{"0":"post-99","1":"post","2":"type-post","3":"status-publish","4":"format-standard","5":"has-post-thumbnail","7":"category-comunicados-conjuntos"},"yoast_head":"<!-- This site is optimized with the Yoast SEO plugin v23.6 - https:\/\/yoast.com\/wordpress\/plugins\/seo\/ -->\n<title>(2) Primeros tres acuerdos de Waraira Repano - Delegaci\u00f3n de di\u00e1logos ELN PAZ<\/title>\n<meta name=\"robots\" content=\"index, follow, max-snippet:-1, max-image-preview:large, max-video-preview:-1\" \/>\n<link rel=\"canonical\" href=\"https:\/\/delegacionelnpaz.org\/?p=99\" \/>\n<meta property=\"og:locale\" content=\"es_ES\" \/>\n<meta property=\"og:type\" content=\"article\" \/>\n<meta property=\"og:title\" content=\"(2) Primeros tres acuerdos de Waraira Repano - Delegaci\u00f3n de di\u00e1logos ELN PAZ\" \/>\n<meta property=\"og:description\" content=\"MESA DE DI\u00c1LOGOS DE PAZ | GOBIERNO DE COLOMBIA Y EJ\u00c9RCITO DE LIBERACI\u00d3N NACIONAL &#8211; ELN COMUNICADO CONJUNTO N\u00ba2 25 de noviembre de 2022 Una vez instalada la Mesa de...\" \/>\n<meta property=\"og:url\" content=\"https:\/\/delegacionelnpaz.org\/?p=99\" \/>\n<meta property=\"og:site_name\" content=\"Delegaci\u00f3n de di\u00e1logos ELN PAZ\" \/>\n<meta property=\"article:published_time\" content=\"2022-11-25T22:52:23+00:00\" \/>\n<meta property=\"article:modified_time\" content=\"2023-08-14T20:41:33+00:00\" \/>\n<meta property=\"og:image\" content=\"https:\/\/delegacionelnpaz.org\/wp-content\/uploads\/2022\/11\/MGL4458-1024x683.jpg\" \/>\n\t<meta property=\"og:image:width\" content=\"1024\" \/>\n\t<meta property=\"og:image:height\" content=\"683\" \/>\n\t<meta property=\"og:image:type\" content=\"image\/jpeg\" \/>\n<meta name=\"author\" content=\"admin\" \/>\n<meta name=\"twitter:card\" content=\"summary_large_image\" \/>\n<meta name=\"twitter:label1\" content=\"Escrito por\" \/>\n\t<meta name=\"twitter:data1\" content=\"admin\" \/>\n\t<meta name=\"twitter:label2\" content=\"Tiempo de lectura\" \/>\n\t<meta name=\"twitter:data2\" content=\"3 minutos\" \/>\n<script type=\"application\/ld+json\" class=\"yoast-schema-graph\">{\"@context\":\"https:\/\/schema.org\",\"@graph\":[{\"@type\":\"WebPage\",\"@id\":\"https:\/\/delegacionelnpaz.org\/?p=99\",\"url\":\"https:\/\/delegacionelnpaz.org\/?p=99\",\"name\":\"(2) Primeros tres acuerdos de Waraira Repano - Delegaci\u00f3n de di\u00e1logos ELN PAZ\",\"isPartOf\":{\"@id\":\"https:\/\/delegacionelnpaz.org\/#website\"},\"primaryImageOfPage\":{\"@id\":\"https:\/\/delegacionelnpaz.org\/?p=99#primaryimage\"},\"image\":{\"@id\":\"https:\/\/delegacionelnpaz.org\/?p=99#primaryimage\"},\"thumbnailUrl\":\"https:\/\/delegacionelnpaz.org\/wp-content\/uploads\/2022\/11\/MGL4458.jpg\",\"datePublished\":\"2022-11-25T22:52:23+00:00\",\"dateModified\":\"2023-08-14T20:41:33+00:00\",\"author\":{\"@id\":\"https:\/\/delegacionelnpaz.org\/#\/schema\/person\/d0e5cc1926e0e75940a14801b8e7a80c\"},\"breadcrumb\":{\"@id\":\"https:\/\/delegacionelnpaz.org\/?p=99#breadcrumb\"},\"inLanguage\":\"es\",\"potentialAction\":[{\"@type\":\"ReadAction\",\"target\":[\"https:\/\/delegacionelnpaz.org\/?p=99\"]}]},{\"@type\":\"ImageObject\",\"inLanguage\":\"es\",\"@id\":\"https:\/\/delegacionelnpaz.org\/?p=99#primaryimage\",\"url\":\"https:\/\/delegacionelnpaz.org\/wp-content\/uploads\/2022\/11\/MGL4458.jpg\",\"contentUrl\":\"https:\/\/delegacionelnpaz.org\/wp-content\/uploads\/2022\/11\/MGL4458.jpg\",\"width\":1920,\"height\":1280},{\"@type\":\"BreadcrumbList\",\"@id\":\"https:\/\/delegacionelnpaz.org\/?p=99#breadcrumb\",\"itemListElement\":[{\"@type\":\"ListItem\",\"position\":1,\"name\":\"Portada\",\"item\":\"https:\/\/delegacionelnpaz.org\/\"},{\"@type\":\"ListItem\",\"position\":2,\"name\":\"(2) Primeros tres acuerdos de Waraira Repano\"}]},{\"@type\":\"WebSite\",\"@id\":\"https:\/\/delegacionelnpaz.org\/#website\",\"url\":\"https:\/\/delegacionelnpaz.org\/\",\"name\":\"Delegaci\u00f3n de di\u00e1logos ELN PAZ\",\"description\":\"ELN PAZ\",\"potentialAction\":[{\"@type\":\"SearchAction\",\"target\":{\"@type\":\"EntryPoint\",\"urlTemplate\":\"https:\/\/delegacionelnpaz.org\/?s={search_term_string}\"},\"query-input\":{\"@type\":\"PropertyValueSpecification\",\"valueRequired\":true,\"valueName\":\"search_term_string\"}}],\"inLanguage\":\"es\"},{\"@type\":\"Person\",\"@id\":\"https:\/\/delegacionelnpaz.org\/#\/schema\/person\/d0e5cc1926e0e75940a14801b8e7a80c\",\"name\":\"admin\",\"sameAs\":[\"https:\/\/delegacionelnpaz.org\"],\"url\":\"https:\/\/delegacionelnpaz.org\/?author=2\"}]}<\/script>\n<!-- \/ Yoast SEO plugin. -->","yoast_head_json":{"title":"(2) Primeros tres acuerdos de Waraira Repano - Delegaci\u00f3n de di\u00e1logos ELN PAZ","robots":{"index":"index","follow":"follow","max-snippet":"max-snippet:-1","max-image-preview":"max-image-preview:large","max-video-preview":"max-video-preview:-1"},"canonical":"https:\/\/delegacionelnpaz.org\/?p=99","og_locale":"es_ES","og_type":"article","og_title":"(2) Primeros tres acuerdos de Waraira Repano - Delegaci\u00f3n de di\u00e1logos ELN PAZ","og_description":"MESA DE DI\u00c1LOGOS DE PAZ | GOBIERNO DE COLOMBIA Y EJ\u00c9RCITO DE LIBERACI\u00d3N NACIONAL &#8211; ELN COMUNICADO CONJUNTO N\u00ba2 25 de noviembre de 2022 Una vez instalada la Mesa de...","og_url":"https:\/\/delegacionelnpaz.org\/?p=99","og_site_name":"Delegaci\u00f3n de di\u00e1logos ELN PAZ","article_published_time":"2022-11-25T22:52:23+00:00","article_modified_time":"2023-08-14T20:41:33+00:00","og_image":[{"width":1024,"height":683,"url":"https:\/\/delegacionelnpaz.org\/wp-content\/uploads\/2022\/11\/MGL4458-1024x683.jpg","type":"image\/jpeg"}],"author":"admin","twitter_card":"summary_large_image","twitter_misc":{"Escrito por":"admin","Tiempo de lectura":"3 minutos"},"schema":{"@context":"https:\/\/schema.org","@graph":[{"@type":"WebPage","@id":"https:\/\/delegacionelnpaz.org\/?p=99","url":"https:\/\/delegacionelnpaz.org\/?p=99","name":"(2) Primeros tres acuerdos de Waraira Repano - Delegaci\u00f3n de di\u00e1logos ELN PAZ","isPartOf":{"@id":"https:\/\/delegacionelnpaz.org\/#website"},"primaryImageOfPage":{"@id":"https:\/\/delegacionelnpaz.org\/?p=99#primaryimage"},"image":{"@id":"https:\/\/delegacionelnpaz.org\/?p=99#primaryimage"},"thumbnailUrl":"https:\/\/delegacionelnpaz.org\/wp-content\/uploads\/2022\/11\/MGL4458.jpg","datePublished":"2022-11-25T22:52:23+00:00","dateModified":"2023-08-14T20:41:33+00:00","author":{"@id":"https:\/\/delegacionelnpaz.org\/#\/schema\/person\/d0e5cc1926e0e75940a14801b8e7a80c"},"breadcrumb":{"@id":"https:\/\/delegacionelnpaz.org\/?p=99#breadcrumb"},"inLanguage":"es","potentialAction":[{"@type":"ReadAction","target":["https:\/\/delegacionelnpaz.org\/?p=99"]}]},{"@type":"ImageObject","inLanguage":"es","@id":"https:\/\/delegacionelnpaz.org\/?p=99#primaryimage","url":"https:\/\/delegacionelnpaz.org\/wp-content\/uploads\/2022\/11\/MGL4458.jpg","contentUrl":"https:\/\/delegacionelnpaz.org\/wp-content\/uploads\/2022\/11\/MGL4458.jpg","width":1920,"height":1280},{"@type":"BreadcrumbList","@id":"https:\/\/delegacionelnpaz.org\/?p=99#breadcrumb","itemListElement":[{"@type":"ListItem","position":1,"name":"Portada","item":"https:\/\/delegacionelnpaz.org\/"},{"@type":"ListItem","position":2,"name":"(2) Primeros tres acuerdos de Waraira Repano"}]},{"@type":"WebSite","@id":"https:\/\/delegacionelnpaz.org\/#website","url":"https:\/\/delegacionelnpaz.org\/","name":"Delegaci\u00f3n de di\u00e1logos ELN PAZ","description":"ELN PAZ","potentialAction":[{"@type":"SearchAction","target":{"@type":"EntryPoint","urlTemplate":"https:\/\/delegacionelnpaz.org\/?s={search_term_string}"},"query-input":{"@type":"PropertyValueSpecification","valueRequired":true,"valueName":"search_term_string"}}],"inLanguage":"es"},{"@type":"Person","@id":"https:\/\/delegacionelnpaz.org\/#\/schema\/person\/d0e5cc1926e0e75940a14801b8e7a80c","name":"admin","sameAs":["https:\/\/delegacionelnpaz.org"],"url":"https:\/\/delegacionelnpaz.org\/?author=2"}]}},"_links":{"self":[{"href":"https:\/\/delegacionelnpaz.org\/index.php?rest_route=\/wp\/v2\/posts\/99","targetHints":{"allow":["GET"]}}],"collection":[{"href":"https:\/\/delegacionelnpaz.org\/index.php?rest_route=\/wp\/v2\/posts"}],"about":[{"href":"https:\/\/delegacionelnpaz.org\/index.php?rest_route=\/wp\/v2\/types\/post"}],"author":[{"embeddable":true,"href":"https:\/\/delegacionelnpaz.org\/index.php?rest_route=\/wp\/v2\/users\/2"}],"replies":[{"embeddable":true,"href":"https:\/\/delegacionelnpaz.org\/index.php?rest_route=%2Fwp%2Fv2%2Fcomments&post=99"}],"version-history":[{"count":6,"href":"https:\/\/delegacionelnpaz.org\/index.php?rest_route=\/wp\/v2\/posts\/99\/revisions"}],"predecessor-version":[{"id":552,"href":"https:\/\/delegacionelnpaz.org\/index.php?rest_route=\/wp\/v2\/posts\/99\/revisions\/552"}],"wp:featuredmedia":[{"embeddable":true,"href":"https:\/\/delegacionelnpaz.org\/index.php?rest_route=\/wp\/v2\/media\/110"}],"wp:attachment":[{"href":"https:\/\/delegacionelnpaz.org\/index.php?rest_route=%2Fwp%2Fv2%2Fmedia&parent=99"}],"wp:term":[{"taxonomy":"category","embeddable":true,"href":"https:\/\/delegacionelnpaz.org\/index.php?rest_route=%2Fwp%2Fv2%2Fcategories&post=99"},{"taxonomy":"post_tag","embeddable":true,"href":"https:\/\/delegacionelnpaz.org\/index.php?rest_route=%2Fwp%2Fv2%2Ftags&post=99"}],"curies":[{"name":"wp","href":"https:\/\/api.w.org\/{rel}","templated":true}]}}